{"id":1035,"date":"2012-04-18T14:52:51","date_gmt":"2012-04-18T19:22:51","guid":{"rendered":"http:\/\/www.contraloriaestadoamazonas.gob.ve\/amz\/?p=1035"},"modified":"2012-04-18T14:54:17","modified_gmt":"2012-04-18T19:24:17","slug":"la-contraloria-del-estado-amazonas-formando-nuevos-contralores-escolares","status":"publish","type":"post","link":"https:\/\/contraloriaestadoamazonas.gob.ve\/amz\/2012\/04\/la-contraloria-del-estado-amazonas-formando-nuevos-contralores-escolares\/","title":{"rendered":"La Contralor\u00eda del Estado Amazonas formando nuevos Contralores Escolares"},"content":{"rendered":"<h3 style=\"text-align: justify;\">El Contralor del Estado Amazonas Licenciado. Humberto G\u00f3mez Far\u00edas; como m\u00e1xima autoridad de \u00e9ste ente contralor, acompa\u00f1ado por el Ing. Wilberto Hern\u00e1ndez, Lcda. Yobenny Noguera y la profesora Carmen Mendoza hicieron entrega de 26 certificados a los participantes del taller\u00a0 de Contralor\u00eda Escolar y fueron juramentados tres nuevos Contralores Escolares en la E.B. Juan Ivirma Castillo.<\/h3>\n<h3 style=\"text-align: justify;\">El taller que tuvo una duraci\u00f3n de 15 horas te\u00f3ricas y pr\u00e1cticas fue dictado por los funcionarios de la Oficina de Atenci\u00f3n al Ciudadano, con el prop\u00f3sito de promocionar y fomentar la participaci\u00f3n ciudadana y as\u00ed garantizar el pleno ejercicio de una contralor\u00eda social protagonizada por los alumnos del 4to. 5to y 6to grado dentro de las escuelas.<\/h3>\n\n\t\t<style type=\"text\/css\">\n\t\t\t#gallery-1 {\n\t\t\t\tmargin: auto;\n\t\t\t}\n\t\t\t#gallery-1 .gallery-item {\n\t\t\t\tfloat: left;\n\t\t\t\tmargin-top: 10px;\n\t\t\t\ttext-align: center;\n\t\t\t\twidth: 50%;\n\t\t\t}\n\t\t\t#gallery-1 img {\n\t\t\t\tborder: 2px solid #cfcfcf;\n\t\t\t}\n\t\t\t#gallery-1 .gallery-caption {\n\t\t\t\tmargin-left: 0;\n\t\t\t}\n\t\t\t\/* see gallery_shortcode() in wp-includes\/media.php *\/\n\t\t<\/style>\n\t\t<div id='gallery-1' class='gallery galleryid-1035 gallery-columns-2 gallery-size-thumbnail'><dl class='gallery-item'>\n\t\t\t<dt class='gallery-icon landscape'>\n\t\t\t\t<a href='https:\/\/contraloriaestadoamazonas.gob.ve\/amz\/wp-content\/uploads\/2012\/04\/DSC04472-Large.jpg'><img loading=\"lazy\" decoding=\"async\" width=\"150\" height=\"150\" src=\"https:\/\/contraloriaestadoamazonas.gob.ve\/amz\/wp-content\/uploads\/2012\/04\/DSC04472-Large-150x150.jpg\" class=\"attachment-thumbnail size-thumbnail\" alt=\"\" \/><\/a>\n\t\t\t<\/dt><\/dl><dl class='gallery-item'>\n\t\t\t<dt class='gallery-icon landscape'>\n\t\t\t\t<a href='https:\/\/contraloriaestadoamazonas.gob.ve\/amz\/wp-content\/uploads\/2012\/04\/DSC04475-Large.jpg'><img loading=\"lazy\" decoding=\"async\" width=\"150\" height=\"150\" src=\"https:\/\/contraloriaestadoamazonas.gob.ve\/amz\/wp-content\/uploads\/2012\/04\/DSC04475-Large-150x150.jpg\" class=\"attachment-thumbnail size-thumbnail\" alt=\"\" \/><\/a>\n\t\t\t<\/dt><\/dl><br style=\"clear: both\" \/><dl class='gallery-item'>\n\t\t\t<dt class='gallery-icon landscape'>\n\t\t\t\t<a href='https:\/\/contraloriaestadoamazonas.gob.ve\/amz\/wp-content\/uploads\/2012\/04\/DSC04478-Large.jpg'><img loading=\"lazy\" decoding=\"async\" width=\"150\" height=\"150\" src=\"https:\/\/contraloriaestadoamazonas.gob.ve\/amz\/wp-content\/uploads\/2012\/04\/DSC04478-Large-150x150.jpg\" class=\"attachment-thumbnail size-thumbnail\" alt=\"\" \/><\/a>\n\t\t\t<\/dt><\/dl><dl class='gallery-item'>\n\t\t\t<dt class='gallery-icon landscape'>\n\t\t\t\t<a href='https:\/\/contraloriaestadoamazonas.gob.ve\/amz\/wp-content\/uploads\/2012\/04\/DSC04488-Large.jpg'><img loading=\"lazy\" decoding=\"async\" width=\"150\" height=\"150\" src=\"https:\/\/contraloriaestadoamazonas.gob.ve\/amz\/wp-content\/uploads\/2012\/04\/DSC04488-Large-150x150.jpg\" class=\"attachment-thumbnail size-thumbnail\" alt=\"\" \/><\/a>\n\t\t\t<\/dt><\/dl><br style=\"clear: both\" \/>\n\t\t<\/div>\n\n","protected":false},"excerpt":{"rendered":"<p>El Contralor del Estado Amazonas Licenciado. Humberto G\u00f3mez Far\u00edas; como m\u00e1xima autoridad de \u00e9ste ente contralor, acompa\u00f1ado por el Ing. Wilberto Hern\u00e1ndez, Lcda. Yobenny Noguera y la profesora Carmen Mendoza hicieron entrega de 26 certificados a los participantes del taller\u00a0 &hellip; <a class=\"more-link\" href=\"https:\/\/contraloriaestadoamazonas.gob.ve\/amz\/2012\/04\/la-contraloria-del-estado-amazonas-formando-nuevos-contralores-escolares\/\">Sigue leyendo <span class=\"meta-nav\">&rarr;<\/span><\/a><\/p>\n","protected":false},"author":2,"featured_media":0,"comment_status":"closed","ping_status":"closed","sticky":false,"template":"","format":"gallery","meta":{"footnotes":""},"categories":[11,33],"tags":[],"class_list":["post-1035","post","type-post","status-publish","format-gallery","hentry","category-oac","category-noticias","post_format-post-format-gallery"],"_links":{"self":[{"href":"https:\/\/contraloriaestadoamazonas.gob.ve\/amz\/wp-json\/wp\/v2\/posts\/1035","targetHints":{"allow":["GET"]}}],"collection":[{"href":"https:\/\/contraloriaestadoamazonas.gob.ve\/amz\/wp-json\/wp\/v2\/posts"}],"about":[{"href":"https:\/\/contraloriaestadoamazonas.gob.ve\/amz\/wp-json\/wp\/v2\/types\/post"}],"author":[{"embeddable":true,"href":"https:\/\/contraloriaestadoamazonas.gob.ve\/amz\/wp-json\/wp\/v2\/users\/2"}],"replies":[{"embeddable":true,"href":"https:\/\/contraloriaestadoamazonas.gob.ve\/amz\/wp-json\/wp\/v2\/comments?post=1035"}],"version-history":[{"count":3,"href":"https:\/\/contraloriaestadoamazonas.gob.ve\/amz\/wp-json\/wp\/v2\/posts\/1035\/revisions"}],"predecessor-version":[{"id":1042,"href":"https:\/\/contraloriaestadoamazonas.gob.ve\/amz\/wp-json\/wp\/v2\/posts\/1035\/revisions\/1042"}],"wp:attachment":[{"href":"https:\/\/contraloriaestadoamazonas.gob.ve\/amz\/wp-json\/wp\/v2\/media?parent=1035"}],"wp:term":[{"taxonomy":"category","embeddable":true,"href":"https:\/\/contraloriaestadoamazonas.gob.ve\/amz\/wp-json\/wp\/v2\/categories?post=1035"},{"taxonomy":"post_tag","embeddable":true,"href":"https:\/\/contraloriaestadoamazonas.gob.ve\/amz\/wp-json\/wp\/v2\/tags?post=1035"}],"curies":[{"name":"wp","href":"https:\/\/api.w.org\/{rel}","templated":true}]}}