{"id":1081,"date":"2012-05-17T08:45:43","date_gmt":"2012-05-17T13:15:43","guid":{"rendered":"http:\/\/www.contraloriaestadoamazonas.gob.ve\/amz\/?p=1081"},"modified":"2012-09-18T11:02:33","modified_gmt":"2012-09-18T15:32:33","slug":"el-contralor-del-estado-amazonas-celebro-con-funcionarios-y-funcionarias-el-dia-de-las-madres-dia-del-trabajador-y-dia-internacional-de-la-familia","status":"publish","type":"post","link":"https:\/\/contraloriaestadoamazonas.gob.ve\/amz\/2012\/05\/el-contralor-del-estado-amazonas-celebro-con-funcionarios-y-funcionarias-el-dia-de-las-madres-dia-del-trabajador-y-dia-internacional-de-la-familia\/","title":{"rendered":"El Contralor del Estado Amazonas, Celebr\u00f3 con funcionarios  y funcionarias el D\u00eda de las Madres,  D\u00eda del Trabajador y D\u00eda Internacional de la Familia"},"content":{"rendered":"<p style=\"text-align: justify;\"><a href=\"http:\/\/www.contraloriaestadoamazonas.gob.ve\/amz\/wp-content\/uploads\/2012\/05\/DSC04088p.jpg\"><img loading=\"lazy\" decoding=\"async\" class=\"size-medium wp-image-1094 aligncenter\" title=\"La Familia Contralora\" src=\"http:\/\/www.contraloriaestadoamazonas.gob.ve\/amz\/wp-content\/uploads\/2012\/05\/DSC04088p-300x102.jpg\" alt=\"\" width=\"300\" height=\"102\" srcset=\"https:\/\/contraloriaestadoamazonas.gob.ve\/amz\/wp-content\/uploads\/2012\/05\/DSC04088p-300x102.jpg 300w, https:\/\/contraloriaestadoamazonas.gob.ve\/amz\/wp-content\/uploads\/2012\/05\/DSC04088p-1024x350.jpg 1024w\" sizes=\"auto, (max-width: 300px) 100vw, 300px\" \/><\/a><strong>El Contralor del Estado Amazonas Licenciado Humberto G\u00f3mez Far\u00edas, \u00a0brind\u00f3 un desayuno a todos los funcionarios y funcionarias de \u00e9ste Ente Contralor, conmemorando el\u00a0 D\u00eda del Trabajador,\u00a0 D\u00eda de las Madres y \u00a0el D\u00eda Internacional de la Familia que se celebra este 15 de mayo.<\/strong><\/p>\n<p style=\"text-align: justify;\"><strong>La actividad se inici\u00f3 con un fraternal abrazo en familia compartido entre todos los trabajadores incentivado por las palabras del Contralor del Estado; \u00a0quien felicit\u00f3 a todos los presentes e hizo un llamado al personal a fortalecerse como familia contralora, de igual manera se hizo propicia la ocasi\u00f3n para felicitar a los trabajadores en su d\u00eda y \u00a0a las madres a quienes se les obsequi\u00f3 \u00a0un bono especial por tan admirable condici\u00f3n.<\/strong><\/p>\n<p style=\"text-align: justify;\"><strong><a href=\"http:\/\/www.contraloriaestadoamazonas.gob.ve\/amz\/wp-content\/uploads\/2012\/05\/DSC04097-Copy1.jpg\"><img loading=\"lazy\" decoding=\"async\" class=\"alignleft size-medium wp-image-1084\" title=\"Contralor y Funcionarios Ascendidos\" src=\"http:\/\/www.contraloriaestadoamazonas.gob.ve\/amz\/wp-content\/uploads\/2012\/05\/DSC04097-Copy1-300x174.jpg\" alt=\"\" width=\"300\" height=\"174\" srcset=\"https:\/\/contraloriaestadoamazonas.gob.ve\/amz\/wp-content\/uploads\/2012\/05\/DSC04097-Copy1-300x174.jpg 300w, https:\/\/contraloriaestadoamazonas.gob.ve\/amz\/wp-content\/uploads\/2012\/05\/DSC04097-Copy1-1024x596.jpg 1024w, https:\/\/contraloriaestadoamazonas.gob.ve\/amz\/wp-content\/uploads\/2012\/05\/DSC04097-Copy1.jpg 1443w\" sizes=\"auto, (max-width: 300px) 100vw, 300px\" \/><\/a><\/strong><\/p>\n<p style=\"text-align: justify;\"><a href=\"http:\/\/www.contraloriaestadoamazonas.gob.ve\/amz\/wp-content\/uploads\/2012\/05\/DSC04098-Copy1.jpg\"><img loading=\"lazy\" decoding=\"async\" class=\"size-medium wp-image-1085 alignleft\" title=\"personal condecorado junto al Contralor\" src=\"http:\/\/www.contraloriaestadoamazonas.gob.ve\/amz\/wp-content\/uploads\/2012\/05\/DSC04098-Copy1-300x161.jpg\" alt=\"\" width=\"300\" height=\"161\" srcset=\"https:\/\/contraloriaestadoamazonas.gob.ve\/amz\/wp-content\/uploads\/2012\/05\/DSC04098-Copy1-300x161.jpg 300w, https:\/\/contraloriaestadoamazonas.gob.ve\/amz\/wp-content\/uploads\/2012\/05\/DSC04098-Copy1-1024x552.jpg 1024w, https:\/\/contraloriaestadoamazonas.gob.ve\/amz\/wp-content\/uploads\/2012\/05\/DSC04098-Copy1.jpg 1504w\" sizes=\"auto, (max-width: 300px) 100vw, 300px\" \/><\/a><\/p>\n<p style=\"text-align: justify;\"><strong>En dicho evento \u00a0se les entreg\u00f3 Bot\u00f3n de Reconocimiento a los trabajadores con 5 y 15 a\u00f1os de servicio ininterr<\/strong><strong><\/strong><strong>umpidos, siendo los homenajeados: Juan Quintero\u00a0 y\u00a0 M\u00f3nica\u00a0 Carrasquel por \u00a05 a\u00f1os de servicios; Elizabeth Maray con 15 a\u00f1os de servicios ininterrumpidos;\u00a0 posteriormente se hizo menci\u00f3n de los funcionarios quienes por cumplir con los requisitos de tiempo e intachable labor en \u00e9sta instituci\u00f3n se hicieron merecedores de sus respectivos ascensos; \u00a0entre ellos:\u00a0 Inmarith Moreno,\u00a0 Yurmary Aviles, Yuxmar Tovar, Eladio Ortega, \u00a0Ricardo Forero y Jos\u00e9 Parra.\u00a0<\/strong><\/p>\n<p style=\"text-align: justify;\"><strong><\/strong><strong>Tambi\u00e9n se les otorg\u00f3 en bono especial a funcionarios y obreros quienes han tenido un desempa\u00f1o \u00edntegro en la realizaci\u00f3n de sus labores; as\u00ed fueron merecedores de este reconocimiento: Lucia Rodr\u00edguez, Audry\u00a0 Rivas, Jos\u00e9 Parra, Glinis Guevara, Sara Lara, Yvy Medina, Marcos Toro, Jonay Rodr\u00edguez, Eladio Ortega, Mar\u00eda Gabriela Madriz, \u00a0Jes\u00fas Cabrera y \u00a0Raili Alberti.<\/strong><\/p>\n<p style=\"text-align: justify;\"><strong>La velada transcurri\u00f3 de manera amena y se extendi\u00f3 hasta el mediod\u00eda, luego de los actos protocolares se realizaron rifas sorpresas\u00a0 para todos los funcionarios.<\/strong><\/p>\n","protected":false},"excerpt":{"rendered":"<p>El Contralor del Estado Amazonas Licenciado Humberto G\u00f3mez Far\u00edas, \u00a0brind\u00f3 un desayuno a todos los funcionarios y funcionarias de \u00e9ste Ente Contralor, conmemorando el\u00a0 D\u00eda del Trabajador,\u00a0 D\u00eda de las Madres y \u00a0el D\u00eda Internacional de la Familia que se &hellip; <a class=\"more-link\" href=\"https:\/\/contraloriaestadoamazonas.gob.ve\/amz\/2012\/05\/el-contralor-del-estado-amazonas-celebro-con-funcionarios-y-funcionarias-el-dia-de-las-madres-dia-del-trabajador-y-dia-internacional-de-la-familia\/\">Sigue leyendo <span class=\"meta-nav\">&rarr;<\/span><\/a><\/p>\n","protected":false},"author":2,"featured_media":0,"comment_status":"closed","ping_status":"closed","sticky":false,"template":"","format":"gallery","meta":{"footnotes":""},"categories":[33],"tags":[],"class_list":["post-1081","post","type-post","status-publish","format-gallery","hentry","category-noticias","post_format-post-format-gallery"],"_links":{"self":[{"href":"https:\/\/contraloriaestadoamazonas.gob.ve\/amz\/wp-json\/wp\/v2\/posts\/1081","targetHints":{"allow":["GET"]}}],"collection":[{"href":"https:\/\/contraloriaestadoamazonas.gob.ve\/amz\/wp-json\/wp\/v2\/posts"}],"about":[{"href":"https:\/\/contraloriaestadoamazonas.gob.ve\/amz\/wp-json\/wp\/v2\/types\/post"}],"author":[{"embeddable":true,"href":"https:\/\/contraloriaestadoamazonas.gob.ve\/amz\/wp-json\/wp\/v2\/users\/2"}],"replies":[{"embeddable":true,"href":"https:\/\/contraloriaestadoamazonas.gob.ve\/amz\/wp-json\/wp\/v2\/comments?post=1081"}],"version-history":[{"count":17,"href":"https:\/\/contraloriaestadoamazonas.gob.ve\/amz\/wp-json\/wp\/v2\/posts\/1081\/revisions"}],"predecessor-version":[{"id":1093,"href":"https:\/\/contraloriaestadoamazonas.gob.ve\/amz\/wp-json\/wp\/v2\/posts\/1081\/revisions\/1093"}],"wp:attachment":[{"href":"https:\/\/contraloriaestadoamazonas.gob.ve\/amz\/wp-json\/wp\/v2\/media?parent=1081"}],"wp:term":[{"taxonomy":"category","embeddable":true,"href":"https:\/\/contraloriaestadoamazonas.gob.ve\/amz\/wp-json\/wp\/v2\/categories?post=1081"},{"taxonomy":"post_tag","embeddable":true,"href":"https:\/\/contraloriaestadoamazonas.gob.ve\/amz\/wp-json\/wp\/v2\/tags?post=1081"}],"curies":[{"name":"wp","href":"https:\/\/api.w.org\/{rel}","templated":true}]}}