{"id":1104,"date":"2012-05-17T16:46:34","date_gmt":"2012-05-17T21:16:34","guid":{"rendered":"http:\/\/www.contraloriaestadoamazonas.gob.ve\/amz\/?p=1104"},"modified":"2013-01-08T09:53:48","modified_gmt":"2013-01-08T14:23:48","slug":"el-contralor-juramento-a-contralores-indigenas-electos-en-la-comunidad-jivi-monte-blanco","status":"publish","type":"post","link":"https:\/\/contraloriaestadoamazonas.gob.ve\/amz\/2012\/05\/el-contralor-juramento-a-contralores-indigenas-electos-en-la-comunidad-jivi-monte-blanco\/","title":{"rendered":"El Contralor Jurament\u00f3 a Contralores Ind\u00edgenas electos en  la comunidad  Jivi Monte Blanco"},"content":{"rendered":"<p style=\"text-align: justify;\"><a href=\"http:\/\/www.contraloriaestadoamazonas.gob.ve\/amz\/wp-content\/uploads\/2012\/05\/DSC04171.jpg\"><img loading=\"lazy\" decoding=\"async\" class=\"size-medium wp-image-1105 aligncenter\" title=\"Comunidad Monte Blanco, etnia Jivi\" src=\"http:\/\/www.contraloriaestadoamazonas.gob.ve\/amz\/wp-content\/uploads\/2012\/05\/DSC04171-300x154.jpg\" alt=\"\" width=\"300\" height=\"154\" srcset=\"https:\/\/contraloriaestadoamazonas.gob.ve\/amz\/wp-content\/uploads\/2012\/05\/DSC04171-300x154.jpg 300w, https:\/\/contraloriaestadoamazonas.gob.ve\/amz\/wp-content\/uploads\/2012\/05\/DSC04171-1024x527.jpg 1024w\" sizes=\"auto, (max-width: 300px) 100vw, 300px\" \/><\/a>Este\u00a0 mi\u00e9rcoles 16 \u00a0en \u00a0horas de la tarde, se realiz\u00f3 el acto protocolar de la entrega de certificados a \u00a0los\u00a0 34 participantes del taller de Contralor\u00eda Ind\u00edgena \u00a0y Participaci\u00f3n Ciudadana, realizado en la comunidad Monte Blanco, ubicada en el eje carretero norte del\u00a0 municipio Atures, en el estado Amazonas.<\/p>\n<p style=\"text-align: justify;\"><a href=\"http:\/\/www.contraloriaestadoamazonas.gob.ve\/amz\/wp-content\/uploads\/2012\/05\/DSC04402.jpg\"><img loading=\"lazy\" decoding=\"async\" class=\"alignleft size-medium wp-image-1106\" title=\"Entrega de certificados\" src=\"http:\/\/www.contraloriaestadoamazonas.gob.ve\/amz\/wp-content\/uploads\/2012\/05\/DSC04402-300x200.jpg\" alt=\"\" width=\"300\" height=\"200\" srcset=\"https:\/\/contraloriaestadoamazonas.gob.ve\/amz\/wp-content\/uploads\/2012\/05\/DSC04402-300x200.jpg 300w, https:\/\/contraloriaestadoamazonas.gob.ve\/amz\/wp-content\/uploads\/2012\/05\/DSC04402-1024x684.jpg 1024w\" sizes=\"auto, (max-width: 300px) 100vw, 300px\" \/><\/a><\/p>\n<p><a href=\"http:\/\/www.contraloriaestadoamazonas.gob.ve\/amz\/wp-content\/uploads\/2012\/05\/DSC04513.jpg\"><img loading=\"lazy\" decoding=\"async\" class=\"size-medium wp-image-1107 alignright\" title=\"Juramentaci\u00f3n\" src=\"http:\/\/www.contraloriaestadoamazonas.gob.ve\/amz\/wp-content\/uploads\/2012\/05\/DSC04513-300x173.jpg\" alt=\"\" width=\"300\" height=\"173\" srcset=\"https:\/\/contraloriaestadoamazonas.gob.ve\/amz\/wp-content\/uploads\/2012\/05\/DSC04513-300x173.jpg 300w, https:\/\/contraloriaestadoamazonas.gob.ve\/amz\/wp-content\/uploads\/2012\/05\/DSC04513-1024x593.jpg 1024w\" sizes=\"auto, (max-width: 300px) 100vw, 300px\" \/><\/a><\/p>\n<p style=\"text-align: justify;\">\n<p style=\"text-align: justify;\">\n<p style=\"text-align: justify;\">\n<p style=\"text-align: justify;\">\n<p style=\"text-align: justify;\">El acto fue presidido \u00a0por el Contralor del Estado, Licenciado Humberto G\u00f3mez Far\u00edas, en compa\u00f1\u00eda de la Jefa de la Oficina de Atenci\u00f3n al Ciudadano Licenciada Nancys Ortiz\u00a0 y la abogado fiscal \u00a0Yohana Clement,\u00a0 la actividad \u00a0se realiz\u00f3 en el patio central de la escuela \u00a0de la comunidad, en la oportunidad\u00a0 se jurament\u00f3 al equipo contralor de dicha comunidad representado por los ciudadanos:\u00a0 Jairo Garc\u00eda, Jos\u00e9 Caicedo y \u00a0Flora Garc\u00eda, quienes manifestaron su agradecimiento hacia la instituci\u00f3n por tomarlos en cuenta y fortalecer sus conocimientos en cuanto a la participaci\u00f3n ciudadana y el control social; de igual manera se les hizo entrega de un compendio de leyes, instrumento necesario para ejercer sus labores de control social dentro de la comunidad.<\/p>\n<p><a href=\"http:\/\/www.contraloriaestadoamazonas.gob.ve\/amz\/wp-content\/uploads\/2012\/05\/DSC04608.jpg\"><img loading=\"lazy\" decoding=\"async\" class=\"size-medium wp-image-1109 alignleft\" title=\"Compendio de Leyes\" src=\"http:\/\/www.contraloriaestadoamazonas.gob.ve\/amz\/wp-content\/uploads\/2012\/05\/DSC04608-300x256.jpg\" alt=\"\" width=\"300\" height=\"256\" srcset=\"https:\/\/contraloriaestadoamazonas.gob.ve\/amz\/wp-content\/uploads\/2012\/05\/DSC04608-300x256.jpg 300w, https:\/\/contraloriaestadoamazonas.gob.ve\/amz\/wp-content\/uploads\/2012\/05\/DSC04608-1024x876.jpg 1024w\" sizes=\"auto, (max-width: 300px) 100vw, 300px\" \/><\/a><\/p>\n<p style=\"text-align: justify;\">\n<p style=\"text-align: justify;\">\n<p style=\"text-align: justify;\">\n<p style=\"text-align: justify;\">\n<p style=\"text-align: justify;\">\n<p style=\"text-align: justify;\">\n<p style=\"text-align: justify;\">Culminado el acto protocolar se hizo un compartir con los participantes y dem\u00e1s habitantes, quienes agradecieron la presencia de la Contralor\u00eda en la comunidad.<\/p>\n","protected":false},"excerpt":{"rendered":"<p>Este\u00a0 mi\u00e9rcoles 16 \u00a0en \u00a0horas de la tarde, se realiz\u00f3 el acto protocolar de la entrega de certificados a \u00a0los\u00a0 34 participantes del taller de Contralor\u00eda Ind\u00edgena \u00a0y Participaci\u00f3n Ciudadana, realizado en la comunidad Monte Blanco, ubicada en el eje &hellip; <a class=\"more-link\" href=\"https:\/\/contraloriaestadoamazonas.gob.ve\/amz\/2012\/05\/el-contralor-juramento-a-contralores-indigenas-electos-en-la-comunidad-jivi-monte-blanco\/\">Sigue leyendo <span class=\"meta-nav\">&rarr;<\/span><\/a><\/p>\n","protected":false},"author":2,"featured_media":0,"comment_status":"closed","ping_status":"closed","sticky":false,"template":"","format":"gallery","meta":{"footnotes":""},"categories":[11],"tags":[],"class_list":["post-1104","post","type-post","status-publish","format-gallery","hentry","category-oac","post_format-post-format-gallery"],"_links":{"self":[{"href":"https:\/\/contraloriaestadoamazonas.gob.ve\/amz\/wp-json\/wp\/v2\/posts\/1104","targetHints":{"allow":["GET"]}}],"collection":[{"href":"https:\/\/contraloriaestadoamazonas.gob.ve\/amz\/wp-json\/wp\/v2\/posts"}],"about":[{"href":"https:\/\/contraloriaestadoamazonas.gob.ve\/amz\/wp-json\/wp\/v2\/types\/post"}],"author":[{"embeddable":true,"href":"https:\/\/contraloriaestadoamazonas.gob.ve\/amz\/wp-json\/wp\/v2\/users\/2"}],"replies":[{"embeddable":true,"href":"https:\/\/contraloriaestadoamazonas.gob.ve\/amz\/wp-json\/wp\/v2\/comments?post=1104"}],"version-history":[{"count":6,"href":"https:\/\/contraloriaestadoamazonas.gob.ve\/amz\/wp-json\/wp\/v2\/posts\/1104\/revisions"}],"predecessor-version":[{"id":1508,"href":"https:\/\/contraloriaestadoamazonas.gob.ve\/amz\/wp-json\/wp\/v2\/posts\/1104\/revisions\/1508"}],"wp:attachment":[{"href":"https:\/\/contraloriaestadoamazonas.gob.ve\/amz\/wp-json\/wp\/v2\/media?parent=1104"}],"wp:term":[{"taxonomy":"category","embeddable":true,"href":"https:\/\/contraloriaestadoamazonas.gob.ve\/amz\/wp-json\/wp\/v2\/categories?post=1104"},{"taxonomy":"post_tag","embeddable":true,"href":"https:\/\/contraloriaestadoamazonas.gob.ve\/amz\/wp-json\/wp\/v2\/tags?post=1104"}],"curies":[{"name":"wp","href":"https:\/\/api.w.org\/{rel}","templated":true}]}}