{"id":1117,"date":"2012-05-17T17:29:22","date_gmt":"2012-05-17T21:59:22","guid":{"rendered":"http:\/\/www.contraloriaestadoamazonas.gob.ve\/amz\/?p=1117"},"modified":"2012-09-18T11:01:36","modified_gmt":"2012-09-18T15:31:36","slug":"la-contraloria-de-estado-amazonas-realizara-jornada-humanitaria-dirigida-a-funcionarios-y-sus-familiares","status":"publish","type":"post","link":"https:\/\/contraloriaestadoamazonas.gob.ve\/amz\/2012\/05\/la-contraloria-de-estado-amazonas-realizara-jornada-humanitaria-dirigida-a-funcionarios-y-sus-familiares\/","title":{"rendered":"La Contralor\u00eda de estado Amazonas realizar\u00e1 Jornada  Humanitaria  dirigida a funcionarios y sus familiares"},"content":{"rendered":"<h3><a href=\"http:\/\/www.contraloriaestadoamazonas.gob.ve\/amz\/wp-content\/uploads\/2012\/05\/Jornada-H.jpg\"><img loading=\"lazy\" decoding=\"async\" class=\"size-medium wp-image-1138 aligncenter\" title=\"Jornada Humanitaria\" src=\"http:\/\/www.contraloriaestadoamazonas.gob.ve\/amz\/wp-content\/uploads\/2012\/05\/Jornada-H-300x200.jpg\" alt=\"\" width=\"300\" height=\"200\" srcset=\"https:\/\/contraloriaestadoamazonas.gob.ve\/amz\/wp-content\/uploads\/2012\/05\/Jornada-H-300x200.jpg 300w, https:\/\/contraloriaestadoamazonas.gob.ve\/amz\/wp-content\/uploads\/2012\/05\/Jornada-H-1024x685.jpg 1024w, https:\/\/contraloriaestadoamazonas.gob.ve\/amz\/wp-content\/uploads\/2012\/05\/Jornada-H.jpg 1600w\" sizes=\"auto, (max-width: 300px) 100vw, 300px\" \/><\/a><\/h3>\n<h3 style=\"text-align: justify;\">La Contralor\u00eda del estado Amazonas a trav\u00e9s de la Unidad de Recursos Humanos y Adiestramiento de este Ente Contralor, tiene previsto realizar una Jordana Humanitaria para\u00a0 el d\u00eda viernes 18 del mes en curso, as\u00ed lo dio a conocer la Licenciada Yobenny\u00a0 Noguera,\u00a0 titular de dicha Unidad, quien agreg\u00f3 que\u00a0 \u201cla Jordana\u00a0 se realizar\u00e1 por iniciativa de la \u00a0Contralor\u00eda, para ofrecer\u00a0 diferentes ben\u00e9ficos sociales a \u00a0funcionarios y sus familiares\u201d.<\/h3>\n<h3 style=\"text-align: justify;\"><a href=\"http:\/\/www.contraloriaestadoamazonas.gob.ve\/amz\/wp-content\/uploads\/2012\/05\/Jornada-h1.jpg\"><img loading=\"lazy\" decoding=\"async\" class=\"size-medium wp-image-1139 alignleft\" title=\"Funcionario en jornada\" src=\"http:\/\/www.contraloriaestadoamazonas.gob.ve\/amz\/wp-content\/uploads\/2012\/05\/Jornada-h1-300x199.jpg\" alt=\"\" width=\"300\" height=\"199\" srcset=\"https:\/\/contraloriaestadoamazonas.gob.ve\/amz\/wp-content\/uploads\/2012\/05\/Jornada-h1-300x199.jpg 300w, https:\/\/contraloriaestadoamazonas.gob.ve\/amz\/wp-content\/uploads\/2012\/05\/Jornada-h1-1024x680.jpg 1024w, https:\/\/contraloriaestadoamazonas.gob.ve\/amz\/wp-content\/uploads\/2012\/05\/Jornada-h1.jpg 1600w\" sizes=\"auto, (max-width: 300px) 100vw, 300px\" \/><\/a>La actividad se llevar\u00e1 a cabo en las instalaciones del edificio sede la Instituci\u00f3n, en horario comprendido de 8:00 am a 3:00 pm, ofreciendo los servicios de\u00a0 medicina general, pediatr\u00eda, oftalmolog\u00eda, as\u00ed como la venta de productos de pdval, venta de gas domestico, cedulaci\u00f3n y tramitaci\u00f3n de licencias para conducir, cabe destacar que este \u00faltimo se realizar\u00e1 en la sede del Instituto Nacional de Tr\u00e1nsito Terrestre en horario de 8:30am a 12:00m.<\/h3>\n<h3 style=\"text-align: justify;\">Esta jordana se realizar\u00e1 con el objetivo de ofrecer m\u00faltiples beneficios a \u00a0todo el colectivo de esta instituci\u00f3n.<\/h3>\n<p><a href=\"http:\/\/www.contraloriaestadoamazonas.gob.ve\/amz\/wp-content\/uploads\/2012\/05\/jornada-H2.jpg\"><img loading=\"lazy\" decoding=\"async\" class=\"size-medium wp-image-1140 aligncenter\" title=\"Jornada cedulaci\u00f3n\" src=\"http:\/\/www.contraloriaestadoamazonas.gob.ve\/amz\/wp-content\/uploads\/2012\/05\/jornada-H2-300x199.jpg\" alt=\"\" width=\"300\" height=\"199\" srcset=\"https:\/\/contraloriaestadoamazonas.gob.ve\/amz\/wp-content\/uploads\/2012\/05\/jornada-H2-300x199.jpg 300w, https:\/\/contraloriaestadoamazonas.gob.ve\/amz\/wp-content\/uploads\/2012\/05\/jornada-H2-1024x680.jpg 1024w, https:\/\/contraloriaestadoamazonas.gob.ve\/amz\/wp-content\/uploads\/2012\/05\/jornada-H2.jpg 1600w\" sizes=\"auto, (max-width: 300px) 100vw, 300px\" \/><\/a><\/p>\n","protected":false},"excerpt":{"rendered":"<p>La Contralor\u00eda del estado Amazonas a trav\u00e9s de la Unidad de Recursos Humanos y Adiestramiento de este Ente Contralor, tiene previsto realizar una Jordana Humanitaria para\u00a0 el d\u00eda viernes 18 del mes en curso, as\u00ed lo dio a conocer la &hellip; <a class=\"more-link\" href=\"https:\/\/contraloriaestadoamazonas.gob.ve\/amz\/2012\/05\/la-contraloria-de-estado-amazonas-realizara-jornada-humanitaria-dirigida-a-funcionarios-y-sus-familiares\/\">Sigue leyendo <span class=\"meta-nav\">&rarr;<\/span><\/a><\/p>\n","protected":false},"author":2,"featured_media":0,"comment_status":"closed","ping_status":"closed","sticky":false,"template":"","format":"gallery","meta":{"footnotes":""},"categories":[33],"tags":[],"class_list":["post-1117","post","type-post","status-publish","format-gallery","hentry","category-noticias","post_format-post-format-gallery"],"_links":{"self":[{"href":"https:\/\/contraloriaestadoamazonas.gob.ve\/amz\/wp-json\/wp\/v2\/posts\/1117","targetHints":{"allow":["GET"]}}],"collection":[{"href":"https:\/\/contraloriaestadoamazonas.gob.ve\/amz\/wp-json\/wp\/v2\/posts"}],"about":[{"href":"https:\/\/contraloriaestadoamazonas.gob.ve\/amz\/wp-json\/wp\/v2\/types\/post"}],"author":[{"embeddable":true,"href":"https:\/\/contraloriaestadoamazonas.gob.ve\/amz\/wp-json\/wp\/v2\/users\/2"}],"replies":[{"embeddable":true,"href":"https:\/\/contraloriaestadoamazonas.gob.ve\/amz\/wp-json\/wp\/v2\/comments?post=1117"}],"version-history":[{"count":8,"href":"https:\/\/contraloriaestadoamazonas.gob.ve\/amz\/wp-json\/wp\/v2\/posts\/1117\/revisions"}],"predecessor-version":[{"id":1119,"href":"https:\/\/contraloriaestadoamazonas.gob.ve\/amz\/wp-json\/wp\/v2\/posts\/1117\/revisions\/1119"}],"wp:attachment":[{"href":"https:\/\/contraloriaestadoamazonas.gob.ve\/amz\/wp-json\/wp\/v2\/media?parent=1117"}],"wp:term":[{"taxonomy":"category","embeddable":true,"href":"https:\/\/contraloriaestadoamazonas.gob.ve\/amz\/wp-json\/wp\/v2\/categories?post=1117"},{"taxonomy":"post_tag","embeddable":true,"href":"https:\/\/contraloriaestadoamazonas.gob.ve\/amz\/wp-json\/wp\/v2\/tags?post=1117"}],"curies":[{"name":"wp","href":"https:\/\/api.w.org\/{rel}","templated":true}]}}