{"id":1133,"date":"2012-05-18T17:37:22","date_gmt":"2012-05-18T22:07:22","guid":{"rendered":"http:\/\/www.contraloriaestadoamazonas.gob.ve\/amz\/?p=1133"},"modified":"2012-09-18T10:56:31","modified_gmt":"2012-09-18T15:26:31","slug":"la-contraloria-del-estado-amazonas-visita-los-medios-de-comunicacion-social-del-estado-4","status":"publish","type":"post","link":"https:\/\/contraloriaestadoamazonas.gob.ve\/amz\/2012\/05\/la-contraloria-del-estado-amazonas-visita-los-medios-de-comunicacion-social-del-estado-4\/","title":{"rendered":"La Contralor\u00eda del estado Amazonas visita los medios de comunicaci\u00f3n social del estado"},"content":{"rendered":"<p style=\"text-align: justify;\"><a href=\"http:\/\/www.contraloriaestadoamazonas.gob.ve\/amz\/wp-content\/uploads\/2012\/05\/Raili-Radio-2.jpg\"><img loading=\"lazy\" decoding=\"async\" class=\"alignleft size-medium wp-image-1134\" title=\"SONY DSC\" src=\"http:\/\/www.contraloriaestadoamazonas.gob.ve\/amz\/wp-content\/uploads\/2012\/05\/Raili-Radio-2-300x199.jpg\" alt=\"\" width=\"300\" height=\"199\" srcset=\"https:\/\/contraloriaestadoamazonas.gob.ve\/amz\/wp-content\/uploads\/2012\/05\/Raili-Radio-2-300x199.jpg 300w, https:\/\/contraloriaestadoamazonas.gob.ve\/amz\/wp-content\/uploads\/2012\/05\/Raili-Radio-2-1024x680.jpg 1024w, https:\/\/contraloriaestadoamazonas.gob.ve\/amz\/wp-content\/uploads\/2012\/05\/Raili-Radio-2.jpg 1600w\" sizes=\"auto, (max-width: 300px) 100vw, 300px\" \/><\/a><\/p>\n<p style=\"text-align: justify;\">En la misma t\u00f3nica del d\u00eda de ayer, hoy viernes 18 de mayo de 2012, la Contralor\u00eda del Estado Amazonas, continuo con la Campa\u00f1a Informativa\/SISROE, \u201cSistema de Registro de \u00d3rganos y Entes del Sector P\u00fablico\u201d, puesta en marcha por la Contralor\u00eda General de la Rep\u00fablica desde el 28 de marzo del a\u00f1o en curso, \u00a0esta vez la abogada Raili Alberti, adscrita a la Direcci\u00f3n de Procedimientos y Determinaci\u00f3n de Responsabilidades Administrativas, como funcionaria encargada de asistir a las entrevistas, tuvo participaci\u00f3n en dos programas de radios matutinos, comenzando a las 7:00 am, en la Emisora Deportiva del Sur 99.9 FM, y las 8:00 AM en la Emisora Autana 90.9 FM, en los diferentes espacios, se dio a conocer el SISROE, su \u00e1mbito de aplicaci\u00f3n, la norma que lo regula, y las sanciones en caso de no cumplir con la normativa legal.<\/p>\n<p style=\"text-align: justify;\"><a href=\"http:\/\/www.contraloriaestadoamazonas.gob.ve\/amz\/wp-content\/uploads\/2012\/05\/Raili-Radio.jpg\"><img loading=\"lazy\" decoding=\"async\" class=\"size-medium wp-image-1135 alignright\" title=\"SONY DSC\" src=\"http:\/\/www.contraloriaestadoamazonas.gob.ve\/amz\/wp-content\/uploads\/2012\/05\/Raili-Radio-300x199.jpg\" alt=\"\" width=\"300\" height=\"199\" srcset=\"https:\/\/contraloriaestadoamazonas.gob.ve\/amz\/wp-content\/uploads\/2012\/05\/Raili-Radio-300x199.jpg 300w, https:\/\/contraloriaestadoamazonas.gob.ve\/amz\/wp-content\/uploads\/2012\/05\/Raili-Radio-1024x680.jpg 1024w, https:\/\/contraloriaestadoamazonas.gob.ve\/amz\/wp-content\/uploads\/2012\/05\/Raili-Radio.jpg 1600w\" sizes=\"auto, (max-width: 300px) 100vw, 300px\" \/><\/a>As\u00ed mismo explic\u00f3 que a trav\u00e9s de la p\u00e1gina web de la Contralor\u00eda General: <a href=\"http:\/\/www.cgr.gob.ve\/\">WWW.cgr.gob.ve<\/a>, las personas interesadas pueden acceder al Instructivo para Acceder al Sistema de Registro de \u00d3rganos y Entes del Sector P\u00fablico, actualizado al 01 de octubre de 2009, el cual tiene por objeto facilitar a los responsables del \u00e1rea de recursos humanos el acceso al Sistema.<\/p>\n<p style=\"text-align: justify;\">Tambi\u00e9n facilit\u00f3 la direcci\u00f3n de la p\u00e1gina web de la Contralor\u00eda del estado Amazonas: <a href=\"http:\/\/www.contraloria_amazonas.gob.ve\/\">WWW.contraloria_amazonas.gob.ve<\/a> y los n\u00fameros telef\u00f3nicos a trav\u00e9s de los cuales cualquier persona puede obtener la informaci\u00f3n requerida.<\/p>\n","protected":false},"excerpt":{"rendered":"<p>En la misma t\u00f3nica del d\u00eda de ayer, hoy viernes 18 de mayo de 2012, la Contralor\u00eda del Estado Amazonas, continuo con la Campa\u00f1a Informativa\/SISROE, \u201cSistema de Registro de \u00d3rganos y Entes del Sector P\u00fablico\u201d, puesta en marcha por la &hellip; <a class=\"more-link\" href=\"https:\/\/contraloriaestadoamazonas.gob.ve\/amz\/2012\/05\/la-contraloria-del-estado-amazonas-visita-los-medios-de-comunicacion-social-del-estado-4\/\">Sigue leyendo <span class=\"meta-nav\">&rarr;<\/span><\/a><\/p>\n","protected":false},"author":2,"featured_media":0,"comment_status":"closed","ping_status":"closed","sticky":false,"template":"","format":"gallery","meta":{"footnotes":""},"categories":[33],"tags":[],"class_list":["post-1133","post","type-post","status-publish","format-gallery","hentry","category-noticias","post_format-post-format-gallery"],"_links":{"self":[{"href":"https:\/\/contraloriaestadoamazonas.gob.ve\/amz\/wp-json\/wp\/v2\/posts\/1133","targetHints":{"allow":["GET"]}}],"collection":[{"href":"https:\/\/contraloriaestadoamazonas.gob.ve\/amz\/wp-json\/wp\/v2\/posts"}],"about":[{"href":"https:\/\/contraloriaestadoamazonas.gob.ve\/amz\/wp-json\/wp\/v2\/types\/post"}],"author":[{"embeddable":true,"href":"https:\/\/contraloriaestadoamazonas.gob.ve\/amz\/wp-json\/wp\/v2\/users\/2"}],"replies":[{"embeddable":true,"href":"https:\/\/contraloriaestadoamazonas.gob.ve\/amz\/wp-json\/wp\/v2\/comments?post=1133"}],"version-history":[{"count":3,"href":"https:\/\/contraloriaestadoamazonas.gob.ve\/amz\/wp-json\/wp\/v2\/posts\/1133\/revisions"}],"predecessor-version":[{"id":1137,"href":"https:\/\/contraloriaestadoamazonas.gob.ve\/amz\/wp-json\/wp\/v2\/posts\/1133\/revisions\/1137"}],"wp:attachment":[{"href":"https:\/\/contraloriaestadoamazonas.gob.ve\/amz\/wp-json\/wp\/v2\/media?parent=1133"}],"wp:term":[{"taxonomy":"category","embeddable":true,"href":"https:\/\/contraloriaestadoamazonas.gob.ve\/amz\/wp-json\/wp\/v2\/categories?post=1133"},{"taxonomy":"post_tag","embeddable":true,"href":"https:\/\/contraloriaestadoamazonas.gob.ve\/amz\/wp-json\/wp\/v2\/tags?post=1133"}],"curies":[{"name":"wp","href":"https:\/\/api.w.org\/{rel}","templated":true}]}}