{"id":1150,"date":"2012-05-23T07:55:20","date_gmt":"2012-05-23T12:25:20","guid":{"rendered":"http:\/\/www.contraloriaestadoamazonas.gob.ve\/amz\/?p=1150"},"modified":"2013-01-08T09:53:38","modified_gmt":"2013-01-08T14:23:38","slug":"en-la-contraloria-del-estado-amazonas-se-estara-dictando-taller-de-procesos-de-auditoria-y-potestad-investigativa","status":"publish","type":"post","link":"https:\/\/contraloriaestadoamazonas.gob.ve\/amz\/2012\/05\/en-la-contraloria-del-estado-amazonas-se-estara-dictando-taller-de-procesos-de-auditoria-y-potestad-investigativa\/","title":{"rendered":"En  la  Contralor\u00eda del Estado Amazonas  Se estar\u00e1 dictando taller de Procesos de Auditor\u00eda y Potestad Investigativa"},"content":{"rendered":"<h3 style=\"text-align: justify;\"><a href=\"http:\/\/www.contraloriaestadoamazonas.gob.ve\/amz\/wp-content\/uploads\/2012\/05\/DSC05067-Copy.jpg\"><img loading=\"lazy\" decoding=\"async\" class=\"alignleft size-medium wp-image-1156\" title=\"TPA\" src=\"http:\/\/www.contraloriaestadoamazonas.gob.ve\/amz\/wp-content\/uploads\/2012\/05\/DSC05067-Copy-300x116.jpg\" alt=\"\" width=\"300\" height=\"116\" srcset=\"https:\/\/contraloriaestadoamazonas.gob.ve\/amz\/wp-content\/uploads\/2012\/05\/DSC05067-Copy-300x116.jpg 300w, https:\/\/contraloriaestadoamazonas.gob.ve\/amz\/wp-content\/uploads\/2012\/05\/DSC05067-Copy-1024x396.jpg 1024w, https:\/\/contraloriaestadoamazonas.gob.ve\/amz\/wp-content\/uploads\/2012\/05\/DSC05067-Copy.jpg 1600w\" sizes=\"auto, (max-width: 300px) 100vw, 300px\" \/><\/a>Con el objetivo de fortalecer la capacidad del Estado para ejecutar eficazmente sus funciones, lograr la transparencia y la eficiencia\u00a0 en el manejo de los recursos del sector p\u00fablico y establecer responsabilidad por la comisi\u00f3n de irregularidades relacionadas con la gesti\u00f3n de las entidades y organismos p\u00fablicos, en la Contralor\u00eda del Estado Amazonas, se estar\u00e1 \u00a0dictando el taller : \u201cEl Proceso de Auditor\u00eda y Potestad Investigativa\u201d,\u00a0 desde el d\u00eda lunes 21 has el viernes 25 de del mes en curso, en horario comprendido de 8:00 am a 5:00pm, dicha actividad est\u00e1 dirigida a\u00a0 funcionarios de este \u00d3rgano de Control, contralor\u00edas de los municipios Atures y Manapiare, auditores internos de la gobernaci\u00f3n del Estado, entes e Institutos aut\u00f3nomos y Consejo legislativo.<\/h3>\n<h3 style=\"text-align: justify;\"><a href=\"http:\/\/www.contraloriaestadoamazonas.gob.ve\/amz\/wp-content\/uploads\/2012\/05\/DSC05100-Copy.jpg\"><img loading=\"lazy\" decoding=\"async\" class=\"size-medium wp-image-1157 alignright\" title=\"ceapat\" src=\"http:\/\/www.contraloriaestadoamazonas.gob.ve\/amz\/wp-content\/uploads\/2012\/05\/DSC05100-Copy-300x246.jpg\" alt=\"\" width=\"300\" height=\"246\" srcset=\"https:\/\/contraloriaestadoamazonas.gob.ve\/amz\/wp-content\/uploads\/2012\/05\/DSC05100-Copy-300x246.jpg 300w, https:\/\/contraloriaestadoamazonas.gob.ve\/amz\/wp-content\/uploads\/2012\/05\/DSC05100-Copy-1024x842.jpg 1024w, https:\/\/contraloriaestadoamazonas.gob.ve\/amz\/wp-content\/uploads\/2012\/05\/DSC05100-Copy.jpg 1459w\" sizes=\"auto, (max-width: 300px) 100vw, 300px\" \/><\/a>El evento se llevar\u00e1 a cabo en el sal\u00f3n de usos m\u00faltiples Dr. Clodosbaldo Russian Uzc\u00e1tegui, ubicado en el edificio sede de este Ente Contralor, siendo la programaci\u00f3n: del lunes 21 al mi\u00e9rcoles 23; se abordar\u00e1 El Proceso de Auditor\u00eda, dictado por el Lcdo Franklin Zambrano, Director de Control de la Administraci\u00f3n Descentralizada\u00a0 y otro Poder de la Contralor\u00eda del Estado Delta Amacuro; los d\u00edas jueves 24 y viernes 25, corresponde al contenido relacionado con El Proceso de Potestad Investigativa, siendo los ponentes la\u00a0 Contralora del Estado Bol\u00edvar\u00a0 abog Glinys Hern\u00e1ndez\u00a0 y el abog.\u00a0 Douglas S\u00e1nchez, Abogado Fiscal Coordinador de la Contralor\u00eda del Estado Bol\u00edvar.<a href=\"http:\/\/www.contraloriaestadoamazonas.gob.ve\/amz\/wp-content\/uploads\/2012\/05\/DSC01895-Copy.jpg\"><img loading=\"lazy\" decoding=\"async\" class=\"size-medium wp-image-1155 alignleft\" title=\"CEAPA\" src=\"http:\/\/www.contraloriaestadoamazonas.gob.ve\/amz\/wp-content\/uploads\/2012\/05\/DSC01895-Copy-300x181.jpg\" alt=\"\" width=\"300\" height=\"181\" srcset=\"https:\/\/contraloriaestadoamazonas.gob.ve\/amz\/wp-content\/uploads\/2012\/05\/DSC01895-Copy-300x181.jpg 300w, https:\/\/contraloriaestadoamazonas.gob.ve\/amz\/wp-content\/uploads\/2012\/05\/DSC01895-Copy-1024x619.jpg 1024w, https:\/\/contraloriaestadoamazonas.gob.ve\/amz\/wp-content\/uploads\/2012\/05\/DSC01895-Copy.jpg 1600w\" sizes=\"auto, (max-width: 300px) 100vw, 300px\" \/><\/a><\/h3>\n<h3 style=\"text-align: justify;\">El taller est\u00e1 planificado para \u00a0un total de 40 funcionarios pertenecientes a los diferentes entes de control estadal y municipal, quienes se han \u00a0mostrado\u00a0 muy atentos \u00a0al desarrollo de dicha actividad.<\/h3>\n","protected":false},"excerpt":{"rendered":"<p>Con el objetivo de fortalecer la capacidad del Estado para ejecutar eficazmente sus funciones, lograr la transparencia y la eficiencia\u00a0 en el manejo de los recursos del sector p\u00fablico y establecer responsabilidad por la comisi\u00f3n de irregularidades relacionadas con la &hellip; <a class=\"more-link\" href=\"https:\/\/contraloriaestadoamazonas.gob.ve\/amz\/2012\/05\/en-la-contraloria-del-estado-amazonas-se-estara-dictando-taller-de-procesos-de-auditoria-y-potestad-investigativa\/\">Sigue leyendo <span class=\"meta-nav\">&rarr;<\/span><\/a><\/p>\n","protected":false},"author":2,"featured_media":0,"comment_status":"closed","ping_status":"closed","sticky":false,"template":"","format":"gallery","meta":{"footnotes":""},"categories":[33],"tags":[],"class_list":["post-1150","post","type-post","status-publish","format-gallery","hentry","category-noticias","post_format-post-format-gallery"],"_links":{"self":[{"href":"https:\/\/contraloriaestadoamazonas.gob.ve\/amz\/wp-json\/wp\/v2\/posts\/1150","targetHints":{"allow":["GET"]}}],"collection":[{"href":"https:\/\/contraloriaestadoamazonas.gob.ve\/amz\/wp-json\/wp\/v2\/posts"}],"about":[{"href":"https:\/\/contraloriaestadoamazonas.gob.ve\/amz\/wp-json\/wp\/v2\/types\/post"}],"author":[{"embeddable":true,"href":"https:\/\/contraloriaestadoamazonas.gob.ve\/amz\/wp-json\/wp\/v2\/users\/2"}],"replies":[{"embeddable":true,"href":"https:\/\/contraloriaestadoamazonas.gob.ve\/amz\/wp-json\/wp\/v2\/comments?post=1150"}],"version-history":[{"count":5,"href":"https:\/\/contraloriaestadoamazonas.gob.ve\/amz\/wp-json\/wp\/v2\/posts\/1150\/revisions"}],"predecessor-version":[{"id":1153,"href":"https:\/\/contraloriaestadoamazonas.gob.ve\/amz\/wp-json\/wp\/v2\/posts\/1150\/revisions\/1153"}],"wp:attachment":[{"href":"https:\/\/contraloriaestadoamazonas.gob.ve\/amz\/wp-json\/wp\/v2\/media?parent=1150"}],"wp:term":[{"taxonomy":"category","embeddable":true,"href":"https:\/\/contraloriaestadoamazonas.gob.ve\/amz\/wp-json\/wp\/v2\/categories?post=1150"},{"taxonomy":"post_tag","embeddable":true,"href":"https:\/\/contraloriaestadoamazonas.gob.ve\/amz\/wp-json\/wp\/v2\/tags?post=1150"}],"curies":[{"name":"wp","href":"https:\/\/api.w.org\/{rel}","templated":true}]}}