{"id":1190,"date":"2012-07-18T15:26:39","date_gmt":"2012-07-18T19:56:39","guid":{"rendered":"http:\/\/www.contraloriaestadoamazonas.gob.ve\/amz\/?p=1190"},"modified":"2012-09-17T10:58:33","modified_gmt":"2012-09-17T15:28:33","slug":"abogado-guillermo-forti-sosa-juramentado-como-nuevo-contralor-p-del-estado-amazonas","status":"publish","type":"post","link":"https:\/\/contraloriaestadoamazonas.gob.ve\/amz\/2012\/07\/abogado-guillermo-forti-sosa-juramentado-como-nuevo-contralor-p-del-estado-amazonas\/","title":{"rendered":"Abogado Guillermo Forti Sosa Juramentado como nuevo Contralor (P) del Estado Amazonas"},"content":{"rendered":"<h3 style=\"text-align: justify;\"><a href=\"http:\/\/www.contraloriaestadoamazonas.gob.ve\/amz\/wp-content\/uploads\/2012\/09\/juramentacion-Copy.jpg\"><img loading=\"lazy\" decoding=\"async\" class=\"alignright size-full wp-image-1191\" title=\"juramentaci\u00f3n\" src=\"http:\/\/www.contraloriaestadoamazonas.gob.ve\/amz\/wp-content\/uploads\/2012\/09\/juramentacion-Copy.jpg\" alt=\"\" width=\"236\" height=\"200\" \/><\/a>El d\u00eda lunes 16 de julio, la Contralora General de la Rep\u00fablica (E), Adelina Gonz\u00e1lez, jurament\u00f3 al abogado Guillermo Forti como nuevo Contralor (P) del estado Amazonas, quien asume el cargo desde el d\u00eda 27 de junio, de acuerdo con la Resoluci\u00f3n N\u00ba 01-00-000137 publicada en Gaceta Oficial de la Rep\u00fablica Bolivariana de Venezuela N\u00ba39.953; comprometi\u00e9ndose a cumplir con las atribuciones y los deberes contemplados en los art\u00edculos 163 de Constituci\u00f3n de la Rep\u00fablica, 44 de la Ley Org\u00e1nica de la Contralor\u00eda General de la Rep\u00fablica y del Sistema Nacional de Control Fiscal, as\u00ed como los\u00a0 atribuidos mediante la Ley de la\u00a0 Contralor\u00eda.<\/h3>\n<p>&nbsp;<\/p>\n","protected":false},"excerpt":{"rendered":"<p>El d\u00eda lunes 16 de julio, la Contralora General de la Rep\u00fablica (E), Adelina Gonz\u00e1lez, jurament\u00f3 al abogado Guillermo Forti como nuevo Contralor (P) del estado Amazonas, quien asume el cargo desde el d\u00eda 27 de junio, de acuerdo con &hellip; <a class=\"more-link\" href=\"https:\/\/contraloriaestadoamazonas.gob.ve\/amz\/2012\/07\/abogado-guillermo-forti-sosa-juramentado-como-nuevo-contralor-p-del-estado-amazonas\/\">Sigue leyendo <span class=\"meta-nav\">&rarr;<\/span><\/a><\/p>\n","protected":false},"author":2,"featured_media":0,"comment_status":"closed","ping_status":"closed","sticky":false,"template":"","format":"gallery","meta":{"footnotes":""},"categories":[33],"tags":[],"class_list":["post-1190","post","type-post","status-publish","format-gallery","hentry","category-noticias","post_format-post-format-gallery"],"_links":{"self":[{"href":"https:\/\/contraloriaestadoamazonas.gob.ve\/amz\/wp-json\/wp\/v2\/posts\/1190","targetHints":{"allow":["GET"]}}],"collection":[{"href":"https:\/\/contraloriaestadoamazonas.gob.ve\/amz\/wp-json\/wp\/v2\/posts"}],"about":[{"href":"https:\/\/contraloriaestadoamazonas.gob.ve\/amz\/wp-json\/wp\/v2\/types\/post"}],"author":[{"embeddable":true,"href":"https:\/\/contraloriaestadoamazonas.gob.ve\/amz\/wp-json\/wp\/v2\/users\/2"}],"replies":[{"embeddable":true,"href":"https:\/\/contraloriaestadoamazonas.gob.ve\/amz\/wp-json\/wp\/v2\/comments?post=1190"}],"version-history":[{"count":3,"href":"https:\/\/contraloriaestadoamazonas.gob.ve\/amz\/wp-json\/wp\/v2\/posts\/1190\/revisions"}],"predecessor-version":[{"id":1261,"href":"https:\/\/contraloriaestadoamazonas.gob.ve\/amz\/wp-json\/wp\/v2\/posts\/1190\/revisions\/1261"}],"wp:attachment":[{"href":"https:\/\/contraloriaestadoamazonas.gob.ve\/amz\/wp-json\/wp\/v2\/media?parent=1190"}],"wp:term":[{"taxonomy":"category","embeddable":true,"href":"https:\/\/contraloriaestadoamazonas.gob.ve\/amz\/wp-json\/wp\/v2\/categories?post=1190"},{"taxonomy":"post_tag","embeddable":true,"href":"https:\/\/contraloriaestadoamazonas.gob.ve\/amz\/wp-json\/wp\/v2\/tags?post=1190"}],"curies":[{"name":"wp","href":"https:\/\/api.w.org\/{rel}","templated":true}]}}