{"id":1199,"date":"2012-07-18T15:44:36","date_gmt":"2012-07-18T20:14:36","guid":{"rendered":"http:\/\/www.contraloriaestadoamazonas.gob.ve\/amz\/?p=1199"},"modified":"2013-01-08T10:06:48","modified_gmt":"2013-01-08T14:36:48","slug":"contraloria-del-estado-amazonas-y-consejo-federal-de-gobierno-dictaran-talleres-para-el-fortalecimiento-del-poder-popular","status":"publish","type":"post","link":"https:\/\/contraloriaestadoamazonas.gob.ve\/amz\/2012\/07\/contraloria-del-estado-amazonas-y-consejo-federal-de-gobierno-dictaran-talleres-para-el-fortalecimiento-del-poder-popular\/","title":{"rendered":"Contralor\u00eda del Estado Amazonas y Consejo Federal de Gobierno Dictaran talleres para el fortalecimiento del Poder Popular"},"content":{"rendered":"<h3 style=\"text-align: justify;\">La Contralor\u00eda del estado Amazonas en trabajo conjunto con la Unidad Receptora Estadal del Consejo Federal de Gobierno, unen esfuerzo y crean estrategias, para el fortalecimiento del poder popular, con un cronograma de actividades que se desarrollar\u00e1 en los meses de agosto y septiembre, en los municipios: Atures, Autana, Atabapo, Alto Orinoco, Maroa, R\u00edo Negro y Manapiare. Los talleres a desarrollar est\u00e1n\u00a0 dirigidos a orientar el trabajo de los consejos comunales, siendo la tem\u00e1tica: Orientaciones para la asignaci\u00f3n\u00a0 y\u00a0 control de recursos p\u00fablicos otorgados; Gu\u00eda para el registro de las operaciones administrativas, econ\u00f3micas y financieras de los consejos comunales; Ley de contrataciones p\u00fablicas en los consejos comunales; Rendici\u00f3n de cuentas de los consejos comunales; Contralor\u00eda social. Cabe destacar que los primeros\u00a0 talleres se realizaran, en el edificio sede de la\u00a0\u00a0\u00a0\u00a0\u00a0 Contralor\u00eda del Estado Amazonas, donde participaran 77 concejos\u00a0\u00a0 comunales pertenecientes a las\u00a0 parroquias Luis Alberto G\u00f3mez,\u00a0 Fernando Gir\u00f3n\u00a0 Tovar, Platanillal y Parhue\u00f1a del municipio Atures.<\/h3>\n<p>&nbsp;<\/p>\n","protected":false},"excerpt":{"rendered":"<p>La Contralor\u00eda del estado Amazonas en trabajo conjunto con la Unidad Receptora Estadal del Consejo Federal de Gobierno, unen esfuerzo y crean estrategias, para el fortalecimiento del poder popular, con un cronograma de actividades que se desarrollar\u00e1 en los meses &hellip; <a class=\"more-link\" href=\"https:\/\/contraloriaestadoamazonas.gob.ve\/amz\/2012\/07\/contraloria-del-estado-amazonas-y-consejo-federal-de-gobierno-dictaran-talleres-para-el-fortalecimiento-del-poder-popular\/\">Sigue leyendo <span class=\"meta-nav\">&rarr;<\/span><\/a><\/p>\n","protected":false},"author":2,"featured_media":0,"comment_status":"closed","ping_status":"closed","sticky":false,"template":"","format":"gallery","meta":{"footnotes":""},"categories":[33],"tags":[],"class_list":["post-1199","post","type-post","status-publish","format-gallery","hentry","category-noticias","post_format-post-format-gallery"],"_links":{"self":[{"href":"https:\/\/contraloriaestadoamazonas.gob.ve\/amz\/wp-json\/wp\/v2\/posts\/1199","targetHints":{"allow":["GET"]}}],"collection":[{"href":"https:\/\/contraloriaestadoamazonas.gob.ve\/amz\/wp-json\/wp\/v2\/posts"}],"about":[{"href":"https:\/\/contraloriaestadoamazonas.gob.ve\/amz\/wp-json\/wp\/v2\/types\/post"}],"author":[{"embeddable":true,"href":"https:\/\/contraloriaestadoamazonas.gob.ve\/amz\/wp-json\/wp\/v2\/users\/2"}],"replies":[{"embeddable":true,"href":"https:\/\/contraloriaestadoamazonas.gob.ve\/amz\/wp-json\/wp\/v2\/comments?post=1199"}],"version-history":[{"count":6,"href":"https:\/\/contraloriaestadoamazonas.gob.ve\/amz\/wp-json\/wp\/v2\/posts\/1199\/revisions"}],"predecessor-version":[{"id":1532,"href":"https:\/\/contraloriaestadoamazonas.gob.ve\/amz\/wp-json\/wp\/v2\/posts\/1199\/revisions\/1532"}],"wp:attachment":[{"href":"https:\/\/contraloriaestadoamazonas.gob.ve\/amz\/wp-json\/wp\/v2\/media?parent=1199"}],"wp:term":[{"taxonomy":"category","embeddable":true,"href":"https:\/\/contraloriaestadoamazonas.gob.ve\/amz\/wp-json\/wp\/v2\/categories?post=1199"},{"taxonomy":"post_tag","embeddable":true,"href":"https:\/\/contraloriaestadoamazonas.gob.ve\/amz\/wp-json\/wp\/v2\/tags?post=1199"}],"curies":[{"name":"wp","href":"https:\/\/api.w.org\/{rel}","templated":true}]}}