{"id":1203,"date":"2012-08-24T10:49:24","date_gmt":"2012-08-24T15:19:24","guid":{"rendered":"http:\/\/www.contraloriaestadoamazonas.gob.ve\/amz\/?p=1203"},"modified":"2013-01-08T09:52:27","modified_gmt":"2013-01-08T14:22:27","slug":"contraloria-del-estado-amazonas-conjuntamente-con-el-consejo-federal-de-gobierno-dictan-talleres-en-los-municipios-para-el-fortalecimiento-del-poder-popular","status":"publish","type":"post","link":"https:\/\/contraloriaestadoamazonas.gob.ve\/amz\/2012\/08\/contraloria-del-estado-amazonas-conjuntamente-con-el-consejo-federal-de-gobierno-dictan-talleres-en-los-municipios-para-el-fortalecimiento-del-poder-popular\/","title":{"rendered":"Contralor del estado Amazonas Abg. Guillermo Forti, en talleres para el  fortalecimiento de los consejos comunales ratific\u00f3 compromiso con el poder popular"},"content":{"rendered":"<h3 style=\"text-align: justify;\"><em><a href=\"http:\/\/www.contraloriaestadoamazonas.gob.ve\/amz\/wp-content\/uploads\/2012\/08\/Contralor-del-estado-Amazonas-en-el-Taller-de-Fortalecimiento-del-Poder-Popular-Municipio-Atures.jpg\"><img loading=\"lazy\" decoding=\"async\" class=\"alignright size-medium wp-image-1250\" title=\"Contralor del Estado Abg. Guillermo Forti, en el Taller de Fortalecimiento del Poder Popular\" src=\"http:\/\/www.contraloriaestadoamazonas.gob.ve\/amz\/wp-content\/uploads\/2012\/08\/Contralor-del-estado-Amazonas-en-el-Taller-de-Fortalecimiento-del-Poder-Popular-Municipio-Atures-300x165.jpg\" alt=\"\" width=\"300\" height=\"165\" srcset=\"https:\/\/contraloriaestadoamazonas.gob.ve\/amz\/wp-content\/uploads\/2012\/08\/Contralor-del-estado-Amazonas-en-el-Taller-de-Fortalecimiento-del-Poder-Popular-Municipio-Atures-300x165.jpg 300w, https:\/\/contraloriaestadoamazonas.gob.ve\/amz\/wp-content\/uploads\/2012\/08\/Contralor-del-estado-Amazonas-en-el-Taller-de-Fortalecimiento-del-Poder-Popular-Municipio-Atures-1024x564.jpg 1024w\" sizes=\"auto, (max-width: 300px) 100vw, 300px\" \/><\/a>Con el prop\u00f3sito de fortalecer el poder popular, siguiendo las directrices de la Contralor\u00eda General de la Rep\u00fablica, el Contralor del estado Amazonas abogado Guillermo Forti, dio la bienvenida a los participantes del taller \u201cContralor\u00eda Social y Rendici\u00f3n de Cuenta\u201d, manifest\u00f3: \u201cestoy plenamente convencido, sin que me quede la\u00a0 menor duda, que estas instancias son las v\u00edas para que se logre la mayor suma de felicidad posible, nuestro deber como funcionarios es apoyarlos para fortalecerlos, incentiv\u00e1ndolos y capacit\u00e1ndolos para lograr una organizaci\u00f3n comunitaria, cooperativa, participativa, solidaria, \u00e9tica, productiva, totalmente integral, manteniendo como misi\u00f3n y visi\u00f3n el pleno avance de nuestra patria \u201d.<\/em><\/h3>\n<h3 style=\"text-align: justify;\"><em>La actividad se realiz\u00f3 en trabajo conjunto con la Unidad Receptora Estadal del Consejo Federal de Gobierno, los d\u00edas 7,8,10 y 14 de agosto, en el sal\u00f3n de usos m\u00faltiples Dr. Clodosbaldo Russian, ubicado en la sede del ente contralor, cont\u00f3 con la participaci\u00f3n de 77 consejos comunales del municipio Atures.<\/em><\/h3>\n<h3 style=\"text-align: justify;\"><em>La tem\u00e1tica del encuentro formativo: asignaci\u00f3n y control de los recursos p\u00fablicos otorgados a los consejos comunales, ley de contrataciones p\u00fablicas en los consejos comunales, registro de operaciones administrativas, econ\u00f3micas y financieras de los consejos comunales, rendici\u00f3n de cuenta en los consejos comunales y contralor\u00eda social, dictado por Nancys Ortiz, jefa de la Oficina de Atenci\u00f3n al Ciudadano y Denny Hern\u00e1ndez, funcionario adscrito a la Direcci\u00f3n de Control Posterior de la Administraci\u00f3n Estadal, en representaci\u00f3n del Consejo Federal de Gobierno el antrop\u00f3logo Luis Felipe del Moran, abord\u00f3 los aspectos concernientes al otorgamiento de cr\u00e9ditos para financiar los proyectos presentados por los consejos comunales. <\/em><\/h3>\n<h3 style=\"text-align: justify;\"><em>La jornada tambi\u00e9n se llev\u00f3 a cabo en los municipios Autana, Atabapo, Maroa y R\u00edo Negro.<\/em><\/h3>\n<h3 style=\"text-align: justify;\"><em><a href=\"http:\/\/www.contraloriaestadoamazonas.gob.ve\/amz\/wp-content\/uploads\/2012\/08\/Taller-de-Fortalecimiento-del-Poder-Popular-Municipio-Atures-Copy.jpg\"><img loading=\"lazy\" decoding=\"async\" class=\"aligncenter size-large wp-image-1257\" title=\"Contralor del Estado Amazonas y Ponentes junto a participantes del Taller de Fortalecimiento\" src=\"http:\/\/www.contraloriaestadoamazonas.gob.ve\/amz\/wp-content\/uploads\/2012\/08\/Taller-de-Fortalecimiento-del-Poder-Popular-Municipio-Atures-Copy-1024x453.jpg\" alt=\"\" width=\"640\" height=\"283\" srcset=\"https:\/\/contraloriaestadoamazonas.gob.ve\/amz\/wp-content\/uploads\/2012\/08\/Taller-de-Fortalecimiento-del-Poder-Popular-Municipio-Atures-Copy-1024x453.jpg 1024w, https:\/\/contraloriaestadoamazonas.gob.ve\/amz\/wp-content\/uploads\/2012\/08\/Taller-de-Fortalecimiento-del-Poder-Popular-Municipio-Atures-Copy-300x132.jpg 300w, https:\/\/contraloriaestadoamazonas.gob.ve\/amz\/wp-content\/uploads\/2012\/08\/Taller-de-Fortalecimiento-del-Poder-Popular-Municipio-Atures-Copy.jpg 1600w\" sizes=\"auto, (max-width: 640px) 100vw, 640px\" \/><\/a><\/em><\/h3>\n<h3 style=\"text-align: justify;\"><em><br \/>\n<\/em><\/h3>\n","protected":false},"excerpt":{"rendered":"<p>Con el prop\u00f3sito de fortalecer el poder popular, siguiendo las directrices de la Contralor\u00eda General de la Rep\u00fablica, el Contralor del estado Amazonas abogado Guillermo Forti, dio la bienvenida a los participantes del taller \u201cContralor\u00eda Social y Rendici\u00f3n de Cuenta\u201d, &hellip; <a class=\"more-link\" href=\"https:\/\/contraloriaestadoamazonas.gob.ve\/amz\/2012\/08\/contraloria-del-estado-amazonas-conjuntamente-con-el-consejo-federal-de-gobierno-dictan-talleres-en-los-municipios-para-el-fortalecimiento-del-poder-popular\/\">Sigue leyendo <span class=\"meta-nav\">&rarr;<\/span><\/a><\/p>\n","protected":false},"author":2,"featured_media":0,"comment_status":"closed","ping_status":"closed","sticky":false,"template":"","format":"gallery","meta":{"footnotes":""},"categories":[11],"tags":[],"class_list":["post-1203","post","type-post","status-publish","format-gallery","hentry","category-oac","post_format-post-format-gallery"],"_links":{"self":[{"href":"https:\/\/contraloriaestadoamazonas.gob.ve\/amz\/wp-json\/wp\/v2\/posts\/1203","targetHints":{"allow":["GET"]}}],"collection":[{"href":"https:\/\/contraloriaestadoamazonas.gob.ve\/amz\/wp-json\/wp\/v2\/posts"}],"about":[{"href":"https:\/\/contraloriaestadoamazonas.gob.ve\/amz\/wp-json\/wp\/v2\/types\/post"}],"author":[{"embeddable":true,"href":"https:\/\/contraloriaestadoamazonas.gob.ve\/amz\/wp-json\/wp\/v2\/users\/2"}],"replies":[{"embeddable":true,"href":"https:\/\/contraloriaestadoamazonas.gob.ve\/amz\/wp-json\/wp\/v2\/comments?post=1203"}],"version-history":[{"count":9,"href":"https:\/\/contraloriaestadoamazonas.gob.ve\/amz\/wp-json\/wp\/v2\/posts\/1203\/revisions"}],"predecessor-version":[{"id":1504,"href":"https:\/\/contraloriaestadoamazonas.gob.ve\/amz\/wp-json\/wp\/v2\/posts\/1203\/revisions\/1504"}],"wp:attachment":[{"href":"https:\/\/contraloriaestadoamazonas.gob.ve\/amz\/wp-json\/wp\/v2\/media?parent=1203"}],"wp:term":[{"taxonomy":"category","embeddable":true,"href":"https:\/\/contraloriaestadoamazonas.gob.ve\/amz\/wp-json\/wp\/v2\/categories?post=1203"},{"taxonomy":"post_tag","embeddable":true,"href":"https:\/\/contraloriaestadoamazonas.gob.ve\/amz\/wp-json\/wp\/v2\/tags?post=1203"}],"curies":[{"name":"wp","href":"https:\/\/api.w.org\/{rel}","templated":true}]}}