{"id":1222,"date":"2012-09-06T12:01:10","date_gmt":"2012-09-06T16:31:10","guid":{"rendered":"http:\/\/www.contraloriaestadoamazonas.gob.ve\/amz\/?p=1222"},"modified":"2012-09-18T10:55:56","modified_gmt":"2012-09-18T15:25:56","slug":"el-abogado-guillermo-forti-felicito-a-toda-la-administracion-publica-por-el-dia-nacional-del-funcionario-publico","status":"publish","type":"post","link":"https:\/\/contraloriaestadoamazonas.gob.ve\/amz\/2012\/09\/el-abogado-guillermo-forti-felicito-a-toda-la-administracion-publica-por-el-dia-nacional-del-funcionario-publico\/","title":{"rendered":"Contralor de Amazonas Abg. Guillermo Forti, Felicit\u00f3 a toda la administraci\u00f3n p\u00fablica por el D\u00eda del Empleado P\u00fablico"},"content":{"rendered":"<h3 style=\"text-align: justify;\"><em>Con motivo de celebrarse el D\u00eda del Empleado P\u00fablico el 4 de septiembre, el Contralor del estado Amazonas Abg. Guillermo Forti, hizo extensivo un mensaje de felicitaciones a todos los empleados p\u00fablicos, en especial a los integrantes del Sistema Nacional de Control Fiscal, cit\u00f3 la frase de nuestro libertador Sim\u00f3n Bol\u00edvar \u201clos empleados p\u00fablicos pertenecen al Estado; no son patrimonio de particulares. Ninguno que no tenga probidad, aptitudes y merecimientos es digno de ellos\u201d, igualmente manifest\u00f3 que \u201cla fecha es propicia para reconocer el desempe\u00f1o, compromiso y dedicaci\u00f3n del personal que labora en las distintas Contralor\u00edas del pa\u00eds, quienes d\u00eda a d\u00eda aportan con su trabajo para la construcci\u00f3n de una mejor Venezuela\u201d.<\/em><\/h3>\n<h3 style=\"text-align: justify;\"><em>Hizo un reconocimiento a todo el personal de la Contralor\u00eda del estado Amazonas, inst\u00e1ndolos a seguir siendo un equipo de trabajo con una alta moral y calidad humana, dedicados a la colectividad de manera\u00a0 eficiente y eficaz, responsables con la familia, la instituci\u00f3n y la sociedad. <\/em><\/h3>\n<p><a href=\"http:\/\/www.contraloriaestadoamazonas.gob.ve\/amz\/wp-content\/uploads\/2012\/09\/Contralor-del-Estado-junto-a-funcionarios-de-la-CEA-Copy.jpg\"><img loading=\"lazy\" decoding=\"async\" class=\"aligncenter size-large wp-image-1253\" title=\"Contralor del Estado Amazonas junto a funcionarios de la CEA\" src=\"http:\/\/www.contraloriaestadoamazonas.gob.ve\/amz\/wp-content\/uploads\/2012\/09\/Contralor-del-Estado-junto-a-funcionarios-de-la-CEA-Copy-1024x397.jpg\" alt=\"\" width=\"640\" height=\"248\" srcset=\"https:\/\/contraloriaestadoamazonas.gob.ve\/amz\/wp-content\/uploads\/2012\/09\/Contralor-del-Estado-junto-a-funcionarios-de-la-CEA-Copy-1024x397.jpg 1024w, https:\/\/contraloriaestadoamazonas.gob.ve\/amz\/wp-content\/uploads\/2012\/09\/Contralor-del-Estado-junto-a-funcionarios-de-la-CEA-Copy-300x116.jpg 300w, https:\/\/contraloriaestadoamazonas.gob.ve\/amz\/wp-content\/uploads\/2012\/09\/Contralor-del-Estado-junto-a-funcionarios-de-la-CEA-Copy.jpg 1600w\" sizes=\"auto, (max-width: 640px) 100vw, 640px\" \/><\/a><\/p>\n","protected":false},"excerpt":{"rendered":"<p>Con motivo de celebrarse el D\u00eda del Empleado P\u00fablico el 4 de septiembre, el Contralor del estado Amazonas Abg. Guillermo Forti, hizo extensivo un mensaje de felicitaciones a todos los empleados p\u00fablicos, en especial a los integrantes del Sistema Nacional &hellip; <a class=\"more-link\" href=\"https:\/\/contraloriaestadoamazonas.gob.ve\/amz\/2012\/09\/el-abogado-guillermo-forti-felicito-a-toda-la-administracion-publica-por-el-dia-nacional-del-funcionario-publico\/\">Sigue leyendo <span class=\"meta-nav\">&rarr;<\/span><\/a><\/p>\n","protected":false},"author":2,"featured_media":0,"comment_status":"closed","ping_status":"closed","sticky":false,"template":"","format":"gallery","meta":{"footnotes":""},"categories":[33],"tags":[],"class_list":["post-1222","post","type-post","status-publish","format-gallery","hentry","category-noticias","post_format-post-format-gallery"],"_links":{"self":[{"href":"https:\/\/contraloriaestadoamazonas.gob.ve\/amz\/wp-json\/wp\/v2\/posts\/1222","targetHints":{"allow":["GET"]}}],"collection":[{"href":"https:\/\/contraloriaestadoamazonas.gob.ve\/amz\/wp-json\/wp\/v2\/posts"}],"about":[{"href":"https:\/\/contraloriaestadoamazonas.gob.ve\/amz\/wp-json\/wp\/v2\/types\/post"}],"author":[{"embeddable":true,"href":"https:\/\/contraloriaestadoamazonas.gob.ve\/amz\/wp-json\/wp\/v2\/users\/2"}],"replies":[{"embeddable":true,"href":"https:\/\/contraloriaestadoamazonas.gob.ve\/amz\/wp-json\/wp\/v2\/comments?post=1222"}],"version-history":[{"count":9,"href":"https:\/\/contraloriaestadoamazonas.gob.ve\/amz\/wp-json\/wp\/v2\/posts\/1222\/revisions"}],"predecessor-version":[{"id":1275,"href":"https:\/\/contraloriaestadoamazonas.gob.ve\/amz\/wp-json\/wp\/v2\/posts\/1222\/revisions\/1275"}],"wp:attachment":[{"href":"https:\/\/contraloriaestadoamazonas.gob.ve\/amz\/wp-json\/wp\/v2\/media?parent=1222"}],"wp:term":[{"taxonomy":"category","embeddable":true,"href":"https:\/\/contraloriaestadoamazonas.gob.ve\/amz\/wp-json\/wp\/v2\/categories?post=1222"},{"taxonomy":"post_tag","embeddable":true,"href":"https:\/\/contraloriaestadoamazonas.gob.ve\/amz\/wp-json\/wp\/v2\/tags?post=1222"}],"curies":[{"name":"wp","href":"https:\/\/api.w.org\/{rel}","templated":true}]}}