{"id":1300,"date":"2012-09-27T16:26:47","date_gmt":"2012-09-27T20:56:47","guid":{"rendered":"http:\/\/www.contraloriaestadoamazonas.gob.ve\/amz\/?p=1300"},"modified":"2012-09-28T16:29:40","modified_gmt":"2012-09-28T20:59:40","slug":"contralor-de-amazonas-abg-guillermo-forti-felicita-a-los-contadores-publicos-en-su-dia","status":"publish","type":"post","link":"https:\/\/contraloriaestadoamazonas.gob.ve\/amz\/2012\/09\/contralor-de-amazonas-abg-guillermo-forti-felicita-a-los-contadores-publicos-en-su-dia\/","title":{"rendered":"Contralor de Amazonas Abg. Guillermo Forti  Felicita a los Contadores P\u00fablicos en su D\u00eda"},"content":{"rendered":"<h3 style=\"text-align: justify;\"><\/h3>\n<h3 style=\"text-align: justify;\"><em>El Contralor del estado Amazonas, abogado Guillermo Forti, en ocasi\u00f3n de celebrarse el D\u00eda del Contador P\u00fablico a nivel nacional, felicit\u00f3 a todo el personal de la profesi\u00f3n contable del Sistema Nacional de Control Fiscal, muy especialmente a los funcionarios de la Contralor\u00eda del Estado Amazonas; a quienes le reconoce su compromiso y dedicaci\u00f3n en el desempe\u00f1o de su labor, incentiv\u00e1ndolos a continuar con el compromiso de ser excelentes profesionales con valores morales y responsabilidad social. <\/em><\/h3>\n<p>&nbsp;<\/p>\n<h2 style=\"text-align: center;\" align=\"center\"><strong><em>Feliz D\u00eda del Contador P\u00fablico!!<\/em><\/strong><\/h2>\n","protected":false},"excerpt":{"rendered":"<p>El Contralor del estado Amazonas, abogado Guillermo Forti, en ocasi\u00f3n de celebrarse el D\u00eda del Contador P\u00fablico a nivel nacional, felicit\u00f3 a todo el personal de la profesi\u00f3n contable del Sistema Nacional de Control Fiscal, muy especialmente a los funcionarios &hellip; <a class=\"more-link\" href=\"https:\/\/contraloriaestadoamazonas.gob.ve\/amz\/2012\/09\/contralor-de-amazonas-abg-guillermo-forti-felicita-a-los-contadores-publicos-en-su-dia\/\">Sigue leyendo <span class=\"meta-nav\">&rarr;<\/span><\/a><\/p>\n","protected":false},"author":2,"featured_media":0,"comment_status":"closed","ping_status":"closed","sticky":false,"template":"","format":"gallery","meta":{"footnotes":""},"categories":[33],"tags":[],"class_list":["post-1300","post","type-post","status-publish","format-gallery","hentry","category-noticias","post_format-post-format-gallery"],"_links":{"self":[{"href":"https:\/\/contraloriaestadoamazonas.gob.ve\/amz\/wp-json\/wp\/v2\/posts\/1300","targetHints":{"allow":["GET"]}}],"collection":[{"href":"https:\/\/contraloriaestadoamazonas.gob.ve\/amz\/wp-json\/wp\/v2\/posts"}],"about":[{"href":"https:\/\/contraloriaestadoamazonas.gob.ve\/amz\/wp-json\/wp\/v2\/types\/post"}],"author":[{"embeddable":true,"href":"https:\/\/contraloriaestadoamazonas.gob.ve\/amz\/wp-json\/wp\/v2\/users\/2"}],"replies":[{"embeddable":true,"href":"https:\/\/contraloriaestadoamazonas.gob.ve\/amz\/wp-json\/wp\/v2\/comments?post=1300"}],"version-history":[{"count":3,"href":"https:\/\/contraloriaestadoamazonas.gob.ve\/amz\/wp-json\/wp\/v2\/posts\/1300\/revisions"}],"predecessor-version":[{"id":1302,"href":"https:\/\/contraloriaestadoamazonas.gob.ve\/amz\/wp-json\/wp\/v2\/posts\/1300\/revisions\/1302"}],"wp:attachment":[{"href":"https:\/\/contraloriaestadoamazonas.gob.ve\/amz\/wp-json\/wp\/v2\/media?parent=1300"}],"wp:term":[{"taxonomy":"category","embeddable":true,"href":"https:\/\/contraloriaestadoamazonas.gob.ve\/amz\/wp-json\/wp\/v2\/categories?post=1300"},{"taxonomy":"post_tag","embeddable":true,"href":"https:\/\/contraloriaestadoamazonas.gob.ve\/amz\/wp-json\/wp\/v2\/tags?post=1300"}],"curies":[{"name":"wp","href":"https:\/\/api.w.org\/{rel}","templated":true}]}}