{"id":1306,"date":"2012-09-28T16:27:27","date_gmt":"2012-09-28T20:57:27","guid":{"rendered":"http:\/\/www.contraloriaestadoamazonas.gob.ve\/amz\/?p=1306"},"modified":"2012-09-28T16:27:27","modified_gmt":"2012-09-28T20:57:27","slug":"contralor-del-estado-amazonas-abg-guillermo-forti-felicita-a-las-secretarias-en-su-dia","status":"publish","type":"post","link":"https:\/\/contraloriaestadoamazonas.gob.ve\/amz\/2012\/09\/contralor-del-estado-amazonas-abg-guillermo-forti-felicita-a-las-secretarias-en-su-dia\/","title":{"rendered":"Contralor del Estado  Amazonas Abg. Guillermo Forti Felicita a las Secretarias en su D\u00eda"},"content":{"rendered":"<h3 style=\"text-align: justify;\"><em>Con motivo de celebrarse el pr\u00f3ximo domingo 30 de septiembre, el D\u00eda de las Secretarias, el contralor del estado Amazonas, abogado Guillermo Forti, comparti\u00f3 con las secretar\u00edas del \u00a0ente contralor un ameno almuerzo, as\u00ed mismo le otorgo un bono est\u00edmulo a este personal,\u00a0 felicit\u00e1ndolas por ser parte importante y contribuir con su trabajo al fortalecimiento de la instituci\u00f3n.<\/em><\/h3>\n","protected":false},"excerpt":{"rendered":"<p>Con motivo de celebrarse el pr\u00f3ximo domingo 30 de septiembre, el D\u00eda de las Secretarias, el contralor del estado Amazonas, abogado Guillermo Forti, comparti\u00f3 con las secretar\u00edas del \u00a0ente contralor un ameno almuerzo, as\u00ed mismo le otorgo un bono est\u00edmulo &hellip; <a class=\"more-link\" href=\"https:\/\/contraloriaestadoamazonas.gob.ve\/amz\/2012\/09\/contralor-del-estado-amazonas-abg-guillermo-forti-felicita-a-las-secretarias-en-su-dia\/\">Sigue leyendo <span class=\"meta-nav\">&rarr;<\/span><\/a><\/p>\n","protected":false},"author":2,"featured_media":0,"comment_status":"closed","ping_status":"closed","sticky":false,"template":"","format":"gallery","meta":{"footnotes":""},"categories":[33],"tags":[],"class_list":["post-1306","post","type-post","status-publish","format-gallery","hentry","category-noticias","post_format-post-format-gallery"],"_links":{"self":[{"href":"https:\/\/contraloriaestadoamazonas.gob.ve\/amz\/wp-json\/wp\/v2\/posts\/1306","targetHints":{"allow":["GET"]}}],"collection":[{"href":"https:\/\/contraloriaestadoamazonas.gob.ve\/amz\/wp-json\/wp\/v2\/posts"}],"about":[{"href":"https:\/\/contraloriaestadoamazonas.gob.ve\/amz\/wp-json\/wp\/v2\/types\/post"}],"author":[{"embeddable":true,"href":"https:\/\/contraloriaestadoamazonas.gob.ve\/amz\/wp-json\/wp\/v2\/users\/2"}],"replies":[{"embeddable":true,"href":"https:\/\/contraloriaestadoamazonas.gob.ve\/amz\/wp-json\/wp\/v2\/comments?post=1306"}],"version-history":[{"count":1,"href":"https:\/\/contraloriaestadoamazonas.gob.ve\/amz\/wp-json\/wp\/v2\/posts\/1306\/revisions"}],"predecessor-version":[{"id":1307,"href":"https:\/\/contraloriaestadoamazonas.gob.ve\/amz\/wp-json\/wp\/v2\/posts\/1306\/revisions\/1307"}],"wp:attachment":[{"href":"https:\/\/contraloriaestadoamazonas.gob.ve\/amz\/wp-json\/wp\/v2\/media?parent=1306"}],"wp:term":[{"taxonomy":"category","embeddable":true,"href":"https:\/\/contraloriaestadoamazonas.gob.ve\/amz\/wp-json\/wp\/v2\/categories?post=1306"},{"taxonomy":"post_tag","embeddable":true,"href":"https:\/\/contraloriaestadoamazonas.gob.ve\/amz\/wp-json\/wp\/v2\/tags?post=1306"}],"curies":[{"name":"wp","href":"https:\/\/api.w.org\/{rel}","templated":true}]}}