{"id":168,"date":"2011-08-03T07:54:28","date_gmt":"2011-08-03T12:24:28","guid":{"rendered":"http:\/\/www.contraloriaestadoamazonas.gob.ve\/amz\/?p=168"},"modified":"2011-12-02T11:00:01","modified_gmt":"2011-12-02T15:30:01","slug":"contraloria-del-estado-amazonas-realizo-jornada-de-declaracion-jurada-de-patrimonio","status":"publish","type":"post","link":"https:\/\/contraloriaestadoamazonas.gob.ve\/amz\/2011\/08\/contraloria-del-estado-amazonas-realizo-jornada-de-declaracion-jurada-de-patrimonio\/","title":{"rendered":"Contralor\u00eda del Estado Amazonas Realiz\u00f3 Jornada de Declaraci\u00f3n Jurada de Patrimonio"},"content":{"rendered":"<p style=\"text-align: justify;\">La Contralor\u00eda del Estado Amazonas, realiz\u00f3 una Jornada de Atenci\u00f3n al P\u00fablico, los d\u00edas s\u00e1bado y domingo, con el prop\u00f3sito de\u00a0 apoyar a \u00a0los altos funcionarios p\u00fablicos en el tramite de \u00a0actualizaci\u00f3n de la Declaraci\u00f3n Jurada de Patrimonio, dispuesto en la resoluci\u00f3n N\u00ba 01-00-057 de fecha 26\/03\/2009, publicada en G.O.R.B.V. N\u00ba 39.148 de fecha 27\/03\/2009, cuyo lapso \u00a0expiraba el domingo 31 de Agosto.<\/p>\n<p style=\"text-align: justify;\">\u00a0El personal de la Oficina de Atenci\u00f3n al Ciudadano, labor\u00f3 en horario corrido el d\u00eda s\u00e1bado 30 de julio de 9 am hasta las 6 pm; y el domingo 31 de julio de 10 am hasta las 4 pm; siendo poca la afluencia de funcionarios p\u00fablicos que asistieron a la sede de la Contralor\u00eda para la elaboraci\u00f3n de \u00e9ste tr\u00e1mite, debido a la facilidad otorgada por la p\u00e1gina web de la Contralor\u00eda General de la Rep\u00fablica de \u00a0hacer el \u00a0tr\u00e1mite v\u00eda on line.<\/p>\n","protected":false},"excerpt":{"rendered":"<p>La Contralor\u00eda del Estado Amazonas, realiz\u00f3 una Jornada de Atenci\u00f3n al P\u00fablico, los d\u00edas s\u00e1bado y domingo, con el prop\u00f3sito de\u00a0 apoyar a \u00a0los altos funcionarios p\u00fablicos en el tramite de \u00a0actualizaci\u00f3n de la Declaraci\u00f3n Jurada de Patrimonio, dispuesto en &hellip; <a class=\"more-link\" href=\"https:\/\/contraloriaestadoamazonas.gob.ve\/amz\/2011\/08\/contraloria-del-estado-amazonas-realizo-jornada-de-declaracion-jurada-de-patrimonio\/\">Sigue leyendo <span class=\"meta-nav\">&rarr;<\/span><\/a><\/p>\n","protected":false},"author":2,"featured_media":0,"comment_status":"closed","ping_status":"closed","sticky":false,"template":"","format":"gallery","meta":{"footnotes":""},"categories":[11,33],"tags":[],"class_list":["post-168","post","type-post","status-publish","format-gallery","hentry","category-oac","category-noticias","post_format-post-format-gallery"],"_links":{"self":[{"href":"https:\/\/contraloriaestadoamazonas.gob.ve\/amz\/wp-json\/wp\/v2\/posts\/168","targetHints":{"allow":["GET"]}}],"collection":[{"href":"https:\/\/contraloriaestadoamazonas.gob.ve\/amz\/wp-json\/wp\/v2\/posts"}],"about":[{"href":"https:\/\/contraloriaestadoamazonas.gob.ve\/amz\/wp-json\/wp\/v2\/types\/post"}],"author":[{"embeddable":true,"href":"https:\/\/contraloriaestadoamazonas.gob.ve\/amz\/wp-json\/wp\/v2\/users\/2"}],"replies":[{"embeddable":true,"href":"https:\/\/contraloriaestadoamazonas.gob.ve\/amz\/wp-json\/wp\/v2\/comments?post=168"}],"version-history":[{"count":7,"href":"https:\/\/contraloriaestadoamazonas.gob.ve\/amz\/wp-json\/wp\/v2\/posts\/168\/revisions"}],"predecessor-version":[{"id":307,"href":"https:\/\/contraloriaestadoamazonas.gob.ve\/amz\/wp-json\/wp\/v2\/posts\/168\/revisions\/307"}],"wp:attachment":[{"href":"https:\/\/contraloriaestadoamazonas.gob.ve\/amz\/wp-json\/wp\/v2\/media?parent=168"}],"wp:term":[{"taxonomy":"category","embeddable":true,"href":"https:\/\/contraloriaestadoamazonas.gob.ve\/amz\/wp-json\/wp\/v2\/categories?post=168"},{"taxonomy":"post_tag","embeddable":true,"href":"https:\/\/contraloriaestadoamazonas.gob.ve\/amz\/wp-json\/wp\/v2\/tags?post=168"}],"curies":[{"name":"wp","href":"https:\/\/api.w.org\/{rel}","templated":true}]}}