{"id":181,"date":"2011-05-31T08:13:45","date_gmt":"2011-05-31T12:43:45","guid":{"rendered":"http:\/\/www.contraloriaestadoamazonas.gob.ve\/amz\/?p=181"},"modified":"2011-08-04T11:26:20","modified_gmt":"2011-08-04T15:56:20","slug":"dictada-charla-de-contraloria-social-a-la-comunidad-indigena-de-monte-blanco","status":"publish","type":"post","link":"https:\/\/contraloriaestadoamazonas.gob.ve\/amz\/2011\/05\/dictada-charla-de-contraloria-social-a-la-comunidad-indigena-de-monte-blanco\/","title":{"rendered":"Dictada Charla de Contralor\u00eda Social a la Comunidad Ind\u00edgena de Monte Blanco"},"content":{"rendered":"<p style=\"text-align: justify;\"><a href=\"http:\/\/www.contraloriaestadoamazonas.gob.ve\/amz\/wp-content\/uploads\/2011\/08\/montblanc.jpg\"><img loading=\"lazy\" decoding=\"async\" class=\"alignleft size-full wp-image-182\" title=\"montblanc\" src=\"http:\/\/www.contraloriaestadoamazonas.gob.ve\/amz\/wp-content\/uploads\/2011\/08\/montblanc.jpg\" alt=\"\" width=\"320\" height=\"189\" srcset=\"https:\/\/contraloriaestadoamazonas.gob.ve\/amz\/wp-content\/uploads\/2011\/08\/montblanc.jpg 320w, https:\/\/contraloriaestadoamazonas.gob.ve\/amz\/wp-content\/uploads\/2011\/08\/montblanc-300x177.jpg 300w\" sizes=\"auto, (max-width: 320px) 100vw, 320px\" \/><\/a>La Oficina de Atenci\u00f3n al Ciudadano, en su prop\u00f3sito de fortalecer la participaci\u00f3n ciudadana en los sectores organizados e incentivar a la ciudadan\u00eda a ejercer las funciones de la contralor\u00eda social, dict\u00f3 charla dirigida a los integrantes del consejo comunal y dem\u00e1s habitantes de la comunidad ind\u00edgena Monte Blanco, de la etnia jivi, ubicada en el municipio Atures.<br \/>\nLa charla fue dictada por los funcionarios Fanny Mill\u00e1n e Irbin Ortega, reunidos\u00a0 en la biblioteca de la escuela,\u00a0 participaron alrededor de 50 personas, abordando la\u00a0 tem\u00e1tica\u00a0 de la contralor\u00eda social,\u00a0 sus funciones, quienes pueden ser contralores y c\u00f3mo ejercer el control social\u00a0 desde la comunidad.<br \/>\nLa Contralor\u00eda del Estado Amazonas desde la Oficina de Atenci\u00f3n al Ciudadano, busca fortalecer a las comunidades ind\u00edgenas para que ejerzan la vigilancia y control en su entorno inmediato, basada en valores humanos, como la honestidad, solidaridad, responsabilidad, equidad, trabajo y transparencia.<\/p>\n","protected":false},"excerpt":{"rendered":"<p>La Oficina de Atenci\u00f3n al Ciudadano, en su prop\u00f3sito de fortalecer la participaci\u00f3n ciudadana en los sectores organizados e incentivar a la ciudadan\u00eda a ejercer las funciones de la contralor\u00eda social, dict\u00f3 charla dirigida a los integrantes del consejo comunal &hellip; <a class=\"more-link\" href=\"https:\/\/contraloriaestadoamazonas.gob.ve\/amz\/2011\/05\/dictada-charla-de-contraloria-social-a-la-comunidad-indigena-de-monte-blanco\/\">Sigue leyendo <span class=\"meta-nav\">&rarr;<\/span><\/a><\/p>\n","protected":false},"author":2,"featured_media":182,"comment_status":"closed","ping_status":"closed","sticky":false,"template":"","format":"gallery","meta":{"footnotes":""},"categories":[11],"tags":[],"class_list":["post-181","post","type-post","status-publish","format-gallery","has-post-thumbnail","hentry","category-oac","post_format-post-format-gallery"],"_links":{"self":[{"href":"https:\/\/contraloriaestadoamazonas.gob.ve\/amz\/wp-json\/wp\/v2\/posts\/181","targetHints":{"allow":["GET"]}}],"collection":[{"href":"https:\/\/contraloriaestadoamazonas.gob.ve\/amz\/wp-json\/wp\/v2\/posts"}],"about":[{"href":"https:\/\/contraloriaestadoamazonas.gob.ve\/amz\/wp-json\/wp\/v2\/types\/post"}],"author":[{"embeddable":true,"href":"https:\/\/contraloriaestadoamazonas.gob.ve\/amz\/wp-json\/wp\/v2\/users\/2"}],"replies":[{"embeddable":true,"href":"https:\/\/contraloriaestadoamazonas.gob.ve\/amz\/wp-json\/wp\/v2\/comments?post=181"}],"version-history":[{"count":3,"href":"https:\/\/contraloriaestadoamazonas.gob.ve\/amz\/wp-json\/wp\/v2\/posts\/181\/revisions"}],"predecessor-version":[{"id":2960,"href":"https:\/\/contraloriaestadoamazonas.gob.ve\/amz\/wp-json\/wp\/v2\/posts\/181\/revisions\/2960"}],"wp:featuredmedia":[{"embeddable":true,"href":"https:\/\/contraloriaestadoamazonas.gob.ve\/amz\/wp-json\/wp\/v2\/media\/182"}],"wp:attachment":[{"href":"https:\/\/contraloriaestadoamazonas.gob.ve\/amz\/wp-json\/wp\/v2\/media?parent=181"}],"wp:term":[{"taxonomy":"category","embeddable":true,"href":"https:\/\/contraloriaestadoamazonas.gob.ve\/amz\/wp-json\/wp\/v2\/categories?post=181"},{"taxonomy":"post_tag","embeddable":true,"href":"https:\/\/contraloriaestadoamazonas.gob.ve\/amz\/wp-json\/wp\/v2\/tags?post=181"}],"curies":[{"name":"wp","href":"https:\/\/api.w.org\/{rel}","templated":true}]}}