{"id":188,"date":"2011-06-07T08:23:48","date_gmt":"2011-06-07T12:53:48","guid":{"rendered":"http:\/\/www.contraloriaestadoamazonas.gob.ve\/amz\/?p=188"},"modified":"2013-01-08T09:59:55","modified_gmt":"2013-01-08T14:29:55","slug":"la-contraloria-del-estado-amazonas-dictara-taller-de-rendicion-de-cuentas-dirigido-a-los-consejos-comunales","status":"publish","type":"post","link":"https:\/\/contraloriaestadoamazonas.gob.ve\/amz\/2011\/06\/la-contraloria-del-estado-amazonas-dictara-taller-de-rendicion-de-cuentas-dirigido-a-los-consejos-comunales\/","title":{"rendered":"La Contralor\u00eda del Estado Amazonas dictar\u00e1 taller de Rendici\u00f3n de Cuentas dirigido a los Consejos Comunales"},"content":{"rendered":"<p style=\"text-align: justify;\"><a href=\"http:\/\/www.contraloriaestadoamazonas.gob.ve\/amz\/wp-content\/uploads\/2011\/08\/lupa.jpg\"><img loading=\"lazy\" decoding=\"async\" class=\"alignleft size-full wp-image-189\" title=\"lupa\" src=\"http:\/\/www.contraloriaestadoamazonas.gob.ve\/amz\/wp-content\/uploads\/2011\/08\/lupa.jpg\" alt=\"\" width=\"180\" height=\"143\" \/><\/a>En el marco del XVIII Aniversario de la Contralor\u00eda del Estado Amazonas, se dictar\u00e1 un taller de Rendici\u00f3n de Cuentas, por iniciativa del \u00e9ste \u00d3rgano Contralor, dicha actividad se llevar\u00e1 a cabo en el sal\u00f3n de usos m\u00faltiples de este Ente Contralor, el d\u00eda mi\u00e9rcoles 08 de junio a las 2: 00 p.m; y estar\u00e1 dirigida a los Consejos Comunales muy especialmente a los integrantes de la Unidad Administrativa y Financiera Comunitaria. Han confirmado la asistencia al Taller, voceros de los Consejos Comunales de los Sectores: Chaparralito, Urb. Sim\u00f3n Bol\u00edvar, Guaicaipuro (La Lora), Lomas del Triangulo, Triangulo de Guaicaipuro II, Upata, Barrio Urdaneta, Bolsillo de Malave Villalba, San Pablo de Carinagua, Mavaca, Ca\u00f1o Tigre y Berea de Topochito. La Contralor\u00eda del Estado Amazonas, busca fortalecer la figura de los Consejos Comunales en sus diferentes instancias de manera que la gesti\u00f3n de \u00e9stos, sea parte esencial en la construcci\u00f3n de un Estado ciento por ciento participativo desde las bases comunitarias, destacando la importancia del dominio de estas herramientas e instrumentos de trabajo, para que el manejo de los recursos financieros se haga de manera transparente, eficaz y eficiente, y sean utilizados para los fines que fueron otorgados; evitando as\u00ed infringir las leyes y logrando el desarrollo de un trabajo comunitario optimo.<\/p>\n","protected":false},"excerpt":{"rendered":"<p>En el marco del XVIII Aniversario de la Contralor\u00eda del Estado Amazonas, se dictar\u00e1 un taller de Rendici\u00f3n de Cuentas, por iniciativa del \u00e9ste \u00d3rgano Contralor, dicha actividad se llevar\u00e1 a cabo en el sal\u00f3n de usos m\u00faltiples de este &hellip; <a class=\"more-link\" href=\"https:\/\/contraloriaestadoamazonas.gob.ve\/amz\/2011\/06\/la-contraloria-del-estado-amazonas-dictara-taller-de-rendicion-de-cuentas-dirigido-a-los-consejos-comunales\/\">Sigue leyendo <span class=\"meta-nav\">&rarr;<\/span><\/a><\/p>\n","protected":false},"author":2,"featured_media":189,"comment_status":"closed","ping_status":"closed","sticky":false,"template":"","format":"gallery","meta":{"footnotes":""},"categories":[33],"tags":[],"class_list":["post-188","post","type-post","status-publish","format-gallery","has-post-thumbnail","hentry","category-noticias","post_format-post-format-gallery"],"_links":{"self":[{"href":"https:\/\/contraloriaestadoamazonas.gob.ve\/amz\/wp-json\/wp\/v2\/posts\/188","targetHints":{"allow":["GET"]}}],"collection":[{"href":"https:\/\/contraloriaestadoamazonas.gob.ve\/amz\/wp-json\/wp\/v2\/posts"}],"about":[{"href":"https:\/\/contraloriaestadoamazonas.gob.ve\/amz\/wp-json\/wp\/v2\/types\/post"}],"author":[{"embeddable":true,"href":"https:\/\/contraloriaestadoamazonas.gob.ve\/amz\/wp-json\/wp\/v2\/users\/2"}],"replies":[{"embeddable":true,"href":"https:\/\/contraloriaestadoamazonas.gob.ve\/amz\/wp-json\/wp\/v2\/comments?post=188"}],"version-history":[{"count":5,"href":"https:\/\/contraloriaestadoamazonas.gob.ve\/amz\/wp-json\/wp\/v2\/posts\/188\/revisions"}],"predecessor-version":[{"id":1525,"href":"https:\/\/contraloriaestadoamazonas.gob.ve\/amz\/wp-json\/wp\/v2\/posts\/188\/revisions\/1525"}],"wp:featuredmedia":[{"embeddable":true,"href":"https:\/\/contraloriaestadoamazonas.gob.ve\/amz\/wp-json\/wp\/v2\/media\/189"}],"wp:attachment":[{"href":"https:\/\/contraloriaestadoamazonas.gob.ve\/amz\/wp-json\/wp\/v2\/media?parent=188"}],"wp:term":[{"taxonomy":"category","embeddable":true,"href":"https:\/\/contraloriaestadoamazonas.gob.ve\/amz\/wp-json\/wp\/v2\/categories?post=188"},{"taxonomy":"post_tag","embeddable":true,"href":"https:\/\/contraloriaestadoamazonas.gob.ve\/amz\/wp-json\/wp\/v2\/tags?post=188"}],"curies":[{"name":"wp","href":"https:\/\/api.w.org\/{rel}","templated":true}]}}