{"id":196,"date":"2011-06-28T08:33:35","date_gmt":"2011-06-28T13:03:35","guid":{"rendered":"http:\/\/www.contraloriaestadoamazonas.gob.ve\/amz\/?p=196"},"modified":"2011-08-04T11:23:55","modified_gmt":"2011-08-04T15:53:55","slug":"la-oficina-de-atencion-al-ciudadano-dicto-taller-de-contraloria-indigena-en-las-pavas","status":"publish","type":"post","link":"https:\/\/contraloriaestadoamazonas.gob.ve\/amz\/2011\/06\/la-oficina-de-atencion-al-ciudadano-dicto-taller-de-contraloria-indigena-en-las-pavas\/","title":{"rendered":"La Oficina de Atenci\u00f3n al Ciudadano Dict\u00f3 Taller de Contralor\u00eda Ind\u00edgena en Las Pavas"},"content":{"rendered":"<p style=\"text-align: justify;\"><a href=\"http:\/\/www.contraloriaestadoamazonas.gob.ve\/amz\/wp-content\/uploads\/2011\/06\/taller01.jpg\"><img loading=\"lazy\" decoding=\"async\" class=\"alignleft size-full wp-image-205\" title=\"taller01\" src=\"http:\/\/www.contraloriaestadoamazonas.gob.ve\/amz\/wp-content\/uploads\/2011\/06\/taller01.jpg\" alt=\"\" width=\"320\" height=\"178\" srcset=\"https:\/\/contraloriaestadoamazonas.gob.ve\/amz\/wp-content\/uploads\/2011\/06\/taller01.jpg 320w, https:\/\/contraloriaestadoamazonas.gob.ve\/amz\/wp-content\/uploads\/2011\/06\/taller01-300x166.jpg 300w\" sizes=\"auto, (max-width: 320px) 100vw, 320px\" \/><\/a>La Contralor\u00eda del Estado Amazonas en delegaci\u00f3n de la Oficina de Atenci\u00f3n al Ciudadano, sigue fortaleciendo la\u00a0 participaci\u00f3n ciudadana en los sectores organizados y comunidades ind\u00edgenas; en la ejecuci\u00f3n de su misi\u00f3n dict\u00f3 taller de Contralor\u00eda Ind\u00edgena en la comunidad Las Pavas (etnia uott\u00fcja), ubicada en el eje carretero sur este del municipio Atures.<br \/>\nLa actividad se llev\u00f3 a cabo en las instalaciones de la Unidad Educativa Los Libertadores, los d\u00edas\u00a0 07, 08, 09 y 10 de junio, en horario de 1:00 a 3:30 de la tarde,\u00a0 tuvo una duraci\u00f3n aproximada de 10 horas, y cont\u00f3 con la participaci\u00f3n de 18 personas.<br \/>\nEste programa de formaci\u00f3n\u00a0 \u201cContralor\u00eda Ind\u00edgena\u201d,\u00a0 comprende cuatro unidades; distribuida de la siguiente manera: la participaci\u00f3n ciudadana y la contralor\u00eda social, la participaci\u00f3n ciudadana en el \u00e1mbito de los pueblos y comunidades\u00a0 ind\u00edgenas, marco legal\u00a0 de la contralor\u00eda social y de los pueblos ind\u00edgenas, constituci\u00f3n y activaci\u00f3n de la Contralor\u00eda Ind\u00edgena.<br \/>\nLa entrega de certificados se efectuar\u00e1 el d\u00eda 04 de julio, a las 9:00 am, en presencia\u00a0 del Contralor del Estado Amazonas Licenciado Humberto G\u00f3mez\u00a0 Farias y la Licenciada Nancys Ortiz Jefa de la Oficina de Atenci\u00f3n al Ciudadano.<\/p>\n","protected":false},"excerpt":{"rendered":"<p>La Contralor\u00eda del Estado Amazonas en delegaci\u00f3n de la Oficina de Atenci\u00f3n al Ciudadano, sigue fortaleciendo la\u00a0 participaci\u00f3n ciudadana en los sectores organizados y comunidades ind\u00edgenas; en la ejecuci\u00f3n de su misi\u00f3n dict\u00f3 taller de Contralor\u00eda Ind\u00edgena en la comunidad &hellip; <a class=\"more-link\" href=\"https:\/\/contraloriaestadoamazonas.gob.ve\/amz\/2011\/06\/la-oficina-de-atencion-al-ciudadano-dicto-taller-de-contraloria-indigena-en-las-pavas\/\">Sigue leyendo <span class=\"meta-nav\">&rarr;<\/span><\/a><\/p>\n","protected":false},"author":2,"featured_media":206,"comment_status":"closed","ping_status":"closed","sticky":false,"template":"","format":"gallery","meta":{"footnotes":""},"categories":[11,33],"tags":[],"class_list":["post-196","post","type-post","status-publish","format-gallery","has-post-thumbnail","hentry","category-oac","category-noticias","post_format-post-format-gallery"],"_links":{"self":[{"href":"https:\/\/contraloriaestadoamazonas.gob.ve\/amz\/wp-json\/wp\/v2\/posts\/196","targetHints":{"allow":["GET"]}}],"collection":[{"href":"https:\/\/contraloriaestadoamazonas.gob.ve\/amz\/wp-json\/wp\/v2\/posts"}],"about":[{"href":"https:\/\/contraloriaestadoamazonas.gob.ve\/amz\/wp-json\/wp\/v2\/types\/post"}],"author":[{"embeddable":true,"href":"https:\/\/contraloriaestadoamazonas.gob.ve\/amz\/wp-json\/wp\/v2\/users\/2"}],"replies":[{"embeddable":true,"href":"https:\/\/contraloriaestadoamazonas.gob.ve\/amz\/wp-json\/wp\/v2\/comments?post=196"}],"version-history":[{"count":6,"href":"https:\/\/contraloriaestadoamazonas.gob.ve\/amz\/wp-json\/wp\/v2\/posts\/196\/revisions"}],"predecessor-version":[{"id":2959,"href":"https:\/\/contraloriaestadoamazonas.gob.ve\/amz\/wp-json\/wp\/v2\/posts\/196\/revisions\/2959"}],"wp:featuredmedia":[{"embeddable":true,"href":"https:\/\/contraloriaestadoamazonas.gob.ve\/amz\/wp-json\/wp\/v2\/media\/206"}],"wp:attachment":[{"href":"https:\/\/contraloriaestadoamazonas.gob.ve\/amz\/wp-json\/wp\/v2\/media?parent=196"}],"wp:term":[{"taxonomy":"category","embeddable":true,"href":"https:\/\/contraloriaestadoamazonas.gob.ve\/amz\/wp-json\/wp\/v2\/categories?post=196"},{"taxonomy":"post_tag","embeddable":true,"href":"https:\/\/contraloriaestadoamazonas.gob.ve\/amz\/wp-json\/wp\/v2\/tags?post=196"}],"curies":[{"name":"wp","href":"https:\/\/api.w.org\/{rel}","templated":true}]}}