{"id":198,"date":"2011-07-15T08:47:30","date_gmt":"2011-07-15T13:17:30","guid":{"rendered":"http:\/\/www.contraloriaestadoamazonas.gob.ve\/amz\/?p=198"},"modified":"2011-08-16T08:34:16","modified_gmt":"2011-08-16T13:04:16","slug":"198","status":"publish","type":"post","link":"https:\/\/contraloriaestadoamazonas.gob.ve\/amz\/2011\/07\/198\/","title":{"rendered":"Contralor\u00eda del Estado Amazonas llega a su  XVIII aniversario"},"content":{"rendered":"<div id=\"attachment_200\" style=\"width: 330px\" class=\"wp-caption alignleft\"><a href=\"http:\/\/www.contraloriaestadoamazonas.gob.ve\/amz\/wp-content\/uploads\/2011\/08\/anivxviii.jpg\"><img loading=\"lazy\" decoding=\"async\" aria-describedby=\"caption-attachment-200\" class=\"size-full wp-image-200\" title=\"anivxviii\" src=\"http:\/\/www.contraloriaestadoamazonas.gob.ve\/amz\/wp-content\/uploads\/2011\/08\/anivxviii.jpg\" alt=\"\" width=\"320\" height=\"239\" srcset=\"https:\/\/contraloriaestadoamazonas.gob.ve\/amz\/wp-content\/uploads\/2011\/08\/anivxviii.jpg 320w, https:\/\/contraloriaestadoamazonas.gob.ve\/amz\/wp-content\/uploads\/2011\/08\/anivxviii-300x224.jpg 300w\" sizes=\"auto, (max-width: 320px) 100vw, 320px\" \/><\/a><p id=\"caption-attachment-200\" class=\"wp-caption-text\">El Contralor del estado de Amazonas en compa\u00f1\u00eda de sus funcionarios, luego de la celebraci\u00f3n de la eucarist\u00eda realizada en la Catedral Mar\u00eda Auxiliadora<\/p><\/div>\n<p style=\"text-align: justify;\">Con palabras del\u00a0 Contralor (P) del estado Amazonas, Licenciado Humberto Rafael G\u00f3mez Far\u00edas, en la Catedral de Puerto Ayacucho, \u00e9ste mi\u00e9rcoles 13 de Julio de 2011, se dio inicio a la misa de acci\u00f3n de gracias con motivo de la Celebraci\u00f3n del D\u00e9cimo Octavo Aniversario de este ente contralor al servicio del pueblo amazonense. Seguidamente el Contralor (P) acompa\u00f1ado por un nutrido grupo de trabajadores se hizo presente en la Plaza Bol\u00edvar, donde ofrend\u00f3 ante la estatua ecuestre del Libertador.<\/p>\n<div id=\"attachment_199\" style=\"width: 330px\" class=\"wp-caption alignleft\"><a href=\"http:\/\/www.contraloriaestadoamazonas.gob.ve\/amz\/wp-content\/uploads\/2011\/08\/aniv-ofrendaf.jpg\"><img loading=\"lazy\" decoding=\"async\" aria-describedby=\"caption-attachment-199\" class=\"size-full wp-image-199\" title=\"aniv-ofrendaf\" src=\"http:\/\/www.contraloriaestadoamazonas.gob.ve\/amz\/wp-content\/uploads\/2011\/08\/aniv-ofrendaf.jpg\" alt=\"\" width=\"320\" height=\"240\" srcset=\"https:\/\/contraloriaestadoamazonas.gob.ve\/amz\/wp-content\/uploads\/2011\/08\/aniv-ofrendaf.jpg 320w, https:\/\/contraloriaestadoamazonas.gob.ve\/amz\/wp-content\/uploads\/2011\/08\/aniv-ofrendaf-300x225.jpg 300w\" sizes=\"auto, (max-width: 320px) 100vw, 320px\" \/><\/a><p id=\"caption-attachment-199\" class=\"wp-caption-text\">El contralor del estado en compa\u00f1\u00eda de varios funcionarios dejan una ofrenda floral en la Plaza Bol\u00edvar<\/p><\/div>\n<p style=\"text-align: justify;\">En horas de la tarde, en la Sede de la Contralor\u00eda, se llev\u00f3 a cabo la Imposici\u00f3n de Botones por a\u00f1os de servicios a los funcionarios que han contribuido con su responsabilidad, constancia y empe\u00f1o laboral, a proyectar el buen nombre de este organismo contralor, los cuales\u00a0 se se\u00f1alan a continuaci\u00f3n:<\/p>\n<p>Por 5 a\u00f1os de servicio: Gardenia Rebolledo,\u00a0 Yuxmar Tovar\u00a0 y Mayela Bol\u00edvar<br \/>\nPor 15 a\u00f1os de servicio: Yvy Medina , Esther Guzm\u00e1n, Alfrida Coro y Harry Armas.<\/p>\n<div id=\"attachment_201\" style=\"width: 330px\" class=\"wp-caption alignleft\"><a href=\"http:\/\/www.contraloriaestadoamazonas.gob.ve\/amz\/wp-content\/uploads\/2011\/08\/anivyvymedina.jpg\"><img loading=\"lazy\" decoding=\"async\" aria-describedby=\"caption-attachment-201\" class=\"size-full wp-image-201\" title=\"Yvy Medina\" src=\"http:\/\/www.contraloriaestadoamazonas.gob.ve\/amz\/wp-content\/uploads\/2011\/08\/anivyvymedina.jpg\" alt=\"\" width=\"320\" height=\"241\" srcset=\"https:\/\/contraloriaestadoamazonas.gob.ve\/amz\/wp-content\/uploads\/2011\/08\/anivyvymedina.jpg 320w, https:\/\/contraloriaestadoamazonas.gob.ve\/amz\/wp-content\/uploads\/2011\/08\/anivyvymedina-300x225.jpg 300w\" sizes=\"auto, (max-width: 320px) 100vw, 320px\" \/><\/a><p id=\"caption-attachment-201\" class=\"wp-caption-text\">La funcionaria Yvy Medina recibe bot\u00f3n y reconocimiento por sus 15 a\u00f1os de destacado servicio de manos del contralor y tren directivo<\/p><\/div>\n<p>&nbsp;<\/p>\n","protected":false},"excerpt":{"rendered":"<p>Con palabras del\u00a0 Contralor (P) del estado Amazonas, Licenciado Humberto Rafael G\u00f3mez Far\u00edas, en la Catedral de Puerto Ayacucho, \u00e9ste mi\u00e9rcoles 13 de Julio de 2011, se dio inicio a la misa de acci\u00f3n de gracias con motivo de la &hellip; <a class=\"more-link\" href=\"https:\/\/contraloriaestadoamazonas.gob.ve\/amz\/2011\/07\/198\/\">Sigue leyendo <span class=\"meta-nav\">&rarr;<\/span><\/a><\/p>\n","protected":false},"author":2,"featured_media":200,"comment_status":"closed","ping_status":"closed","sticky":false,"template":"","format":"gallery","meta":{"footnotes":""},"categories":[33],"tags":[],"class_list":["post-198","post","type-post","status-publish","format-gallery","has-post-thumbnail","hentry","category-noticias","post_format-post-format-gallery"],"_links":{"self":[{"href":"https:\/\/contraloriaestadoamazonas.gob.ve\/amz\/wp-json\/wp\/v2\/posts\/198","targetHints":{"allow":["GET"]}}],"collection":[{"href":"https:\/\/contraloriaestadoamazonas.gob.ve\/amz\/wp-json\/wp\/v2\/posts"}],"about":[{"href":"https:\/\/contraloriaestadoamazonas.gob.ve\/amz\/wp-json\/wp\/v2\/types\/post"}],"author":[{"embeddable":true,"href":"https:\/\/contraloriaestadoamazonas.gob.ve\/amz\/wp-json\/wp\/v2\/users\/2"}],"replies":[{"embeddable":true,"href":"https:\/\/contraloriaestadoamazonas.gob.ve\/amz\/wp-json\/wp\/v2\/comments?post=198"}],"version-history":[{"count":6,"href":"https:\/\/contraloriaestadoamazonas.gob.ve\/amz\/wp-json\/wp\/v2\/posts\/198\/revisions"}],"predecessor-version":[{"id":317,"href":"https:\/\/contraloriaestadoamazonas.gob.ve\/amz\/wp-json\/wp\/v2\/posts\/198\/revisions\/317"}],"wp:featuredmedia":[{"embeddable":true,"href":"https:\/\/contraloriaestadoamazonas.gob.ve\/amz\/wp-json\/wp\/v2\/media\/200"}],"wp:attachment":[{"href":"https:\/\/contraloriaestadoamazonas.gob.ve\/amz\/wp-json\/wp\/v2\/media?parent=198"}],"wp:term":[{"taxonomy":"category","embeddable":true,"href":"https:\/\/contraloriaestadoamazonas.gob.ve\/amz\/wp-json\/wp\/v2\/categories?post=198"},{"taxonomy":"post_tag","embeddable":true,"href":"https:\/\/contraloriaestadoamazonas.gob.ve\/amz\/wp-json\/wp\/v2\/tags?post=198"}],"curies":[{"name":"wp","href":"https:\/\/api.w.org\/{rel}","templated":true}]}}