{"id":227,"date":"2011-06-09T09:35:17","date_gmt":"2011-06-09T14:05:17","guid":{"rendered":"http:\/\/www.contraloriaestadoamazonas.gob.ve\/amz\/?p=227"},"modified":"2011-08-15T09:44:48","modified_gmt":"2011-08-15T14:14:48","slug":"la-contraloria-del-estado-amazonas-dicto-taller-de-rendicion-de-cuentas-dirigido-a-los-consejos-comunales","status":"publish","type":"post","link":"https:\/\/contraloriaestadoamazonas.gob.ve\/amz\/2011\/06\/la-contraloria-del-estado-amazonas-dicto-taller-de-rendicion-de-cuentas-dirigido-a-los-consejos-comunales\/","title":{"rendered":"La Contralor\u00eda del Estado Amazonas dict\u00f3 Taller de Rendici\u00f3n de Cuentas dirigido a los Consejos Comunales"},"content":{"rendered":"<p style=\"text-align: justify;\">En el marco del XVIII Aniversario de la Contralor\u00eda del Estado Amazonas, se dict\u00f3 un taller de Rendici\u00f3n de Cuentas, por iniciativa del \u00e9ste \u00d3rgano Contralor, para 12 consejos comunales, la actividad se llev\u00f3 a cabo en el sal\u00f3n de usos m\u00faltiples de este Ente Contralor, el d\u00eda mi\u00e9rcoles 08 de junio de 2 a 6 de la tarde. El taller fue dictado por el Licenciado Humberto G\u00f3mez Far\u00edas Contralor del Estado Amazonas, el ingeniero Jos\u00e9 Gonz\u00e1lez Director de Control Posterior de la Administraci\u00f3n Estadal y la Licenciada Nancys Ortiz Jefa de la Oficina de Atenci\u00f3n al Ciudadano. La actividad cont\u00f3 con la participaci\u00f3n de 60 personas, entre funcionarios p\u00fablicos e integrantes de los consejos comunales pertenecientes a los sectores: Chaparralito, Urb. Sim\u00f3n Bol\u00edvar, Guaicaipuro (La Lora), Lomas del Triangulo, Triangulo de Guaicaipuro II, Upata, Barrio Urdaneta, Bolsillo de Malave Villalba, San Pablo de Carinagua, Mavaca, Ca\u00f1o Tigre y Berea de Topochito, quienes al finalizar el taller recibieron un certificado de participaci\u00f3n de manos del Contralor del Estado.<\/p>\n\n\t\t<style type=\"text\/css\">\n\t\t\t#gallery-1 {\n\t\t\t\tmargin: auto;\n\t\t\t}\n\t\t\t#gallery-1 .gallery-item {\n\t\t\t\tfloat: left;\n\t\t\t\tmargin-top: 10px;\n\t\t\t\ttext-align: center;\n\t\t\t\twidth: 33%;\n\t\t\t}\n\t\t\t#gallery-1 img {\n\t\t\t\tborder: 2px solid #cfcfcf;\n\t\t\t}\n\t\t\t#gallery-1 .gallery-caption {\n\t\t\t\tmargin-left: 0;\n\t\t\t}\n\t\t\t\/* see gallery_shortcode() in wp-includes\/media.php *\/\n\t\t<\/style>\n\t\t<div id='gallery-1' class='gallery galleryid-227 gallery-columns-3 gallery-size-thumbnail'><dl class='gallery-item'>\n\t\t\t<dt class='gallery-icon landscape'>\n\t\t\t\t<a href='https:\/\/contraloriaestadoamazonas.gob.ve\/amz\/wp-content\/uploads\/2011\/06\/tcc061.jpg'><img loading=\"lazy\" decoding=\"async\" width=\"150\" height=\"150\" src=\"https:\/\/contraloriaestadoamazonas.gob.ve\/amz\/wp-content\/uploads\/2011\/06\/tcc061-150x150.jpg\" class=\"attachment-thumbnail size-thumbnail\" alt=\"\" \/><\/a>\n\t\t\t<\/dt><\/dl><dl class='gallery-item'>\n\t\t\t<dt class='gallery-icon landscape'>\n\t\t\t\t<a href='https:\/\/contraloriaestadoamazonas.gob.ve\/amz\/wp-content\/uploads\/2011\/06\/tcc01-e1312469945143.jpg'><img loading=\"lazy\" decoding=\"async\" width=\"150\" height=\"150\" src=\"https:\/\/contraloriaestadoamazonas.gob.ve\/amz\/wp-content\/uploads\/2011\/06\/tcc01-e1312469945143-150x150.jpg\" class=\"attachment-thumbnail size-thumbnail\" alt=\"\" \/><\/a>\n\t\t\t<\/dt><\/dl><dl class='gallery-item'>\n\t\t\t<dt class='gallery-icon landscape'>\n\t\t\t\t<a href='https:\/\/contraloriaestadoamazonas.gob.ve\/amz\/wp-content\/uploads\/2011\/06\/tcc02.jpg'><img loading=\"lazy\" decoding=\"async\" width=\"150\" height=\"150\" src=\"https:\/\/contraloriaestadoamazonas.gob.ve\/amz\/wp-content\/uploads\/2011\/06\/tcc02-150x150.jpg\" class=\"attachment-thumbnail size-thumbnail\" alt=\"\" \/><\/a>\n\t\t\t<\/dt><\/dl><br style=\"clear: both\" \/><dl class='gallery-item'>\n\t\t\t<dt class='gallery-icon landscape'>\n\t\t\t\t<a href='https:\/\/contraloriaestadoamazonas.gob.ve\/amz\/wp-content\/uploads\/2011\/06\/tcc03.jpg'><img loading=\"lazy\" decoding=\"async\" width=\"150\" height=\"150\" src=\"https:\/\/contraloriaestadoamazonas.gob.ve\/amz\/wp-content\/uploads\/2011\/06\/tcc03-150x150.jpg\" class=\"attachment-thumbnail size-thumbnail\" alt=\"\" \/><\/a>\n\t\t\t<\/dt><\/dl><dl class='gallery-item'>\n\t\t\t<dt class='gallery-icon landscape'>\n\t\t\t\t<a href='https:\/\/contraloriaestadoamazonas.gob.ve\/amz\/wp-content\/uploads\/2011\/06\/tcc04.jpg'><img loading=\"lazy\" decoding=\"async\" width=\"150\" height=\"150\" src=\"https:\/\/contraloriaestadoamazonas.gob.ve\/amz\/wp-content\/uploads\/2011\/06\/tcc04-150x150.jpg\" class=\"attachment-thumbnail size-thumbnail\" alt=\"\" \/><\/a>\n\t\t\t<\/dt><\/dl><dl class='gallery-item'>\n\t\t\t<dt class='gallery-icon landscape'>\n\t\t\t\t<a href='https:\/\/contraloriaestadoamazonas.gob.ve\/amz\/wp-content\/uploads\/2011\/06\/tcc05.jpg'><img loading=\"lazy\" decoding=\"async\" width=\"150\" height=\"150\" src=\"https:\/\/contraloriaestadoamazonas.gob.ve\/amz\/wp-content\/uploads\/2011\/06\/tcc05-150x150.jpg\" class=\"attachment-thumbnail size-thumbnail\" alt=\"\" \/><\/a>\n\t\t\t<\/dt><\/dl><br style=\"clear: both\" \/>\n\t\t<\/div>\n\n","protected":false},"excerpt":{"rendered":"<p>En el marco del XVIII Aniversario de la Contralor\u00eda del Estado Amazonas, se dict\u00f3 un taller de Rendici\u00f3n de Cuentas, por iniciativa del \u00e9ste \u00d3rgano Contralor, para 12 consejos comunales, la actividad se llev\u00f3 a cabo en el sal\u00f3n de &hellip; <a class=\"more-link\" href=\"https:\/\/contraloriaestadoamazonas.gob.ve\/amz\/2011\/06\/la-contraloria-del-estado-amazonas-dicto-taller-de-rendicion-de-cuentas-dirigido-a-los-consejos-comunales\/\">Sigue leyendo <span class=\"meta-nav\">&rarr;<\/span><\/a><\/p>\n","protected":false},"author":2,"featured_media":232,"comment_status":"closed","ping_status":"closed","sticky":false,"template":"","format":"gallery","meta":{"footnotes":""},"categories":[11,33],"tags":[],"class_list":["post-227","post","type-post","status-publish","format-gallery","has-post-thumbnail","hentry","category-oac","category-noticias","post_format-post-format-gallery"],"_links":{"self":[{"href":"https:\/\/contraloriaestadoamazonas.gob.ve\/amz\/wp-json\/wp\/v2\/posts\/227","targetHints":{"allow":["GET"]}}],"collection":[{"href":"https:\/\/contraloriaestadoamazonas.gob.ve\/amz\/wp-json\/wp\/v2\/posts"}],"about":[{"href":"https:\/\/contraloriaestadoamazonas.gob.ve\/amz\/wp-json\/wp\/v2\/types\/post"}],"author":[{"embeddable":true,"href":"https:\/\/contraloriaestadoamazonas.gob.ve\/amz\/wp-json\/wp\/v2\/users\/2"}],"replies":[{"embeddable":true,"href":"https:\/\/contraloriaestadoamazonas.gob.ve\/amz\/wp-json\/wp\/v2\/comments?post=227"}],"version-history":[{"count":9,"href":"https:\/\/contraloriaestadoamazonas.gob.ve\/amz\/wp-json\/wp\/v2\/posts\/227\/revisions"}],"predecessor-version":[{"id":229,"href":"https:\/\/contraloriaestadoamazonas.gob.ve\/amz\/wp-json\/wp\/v2\/posts\/227\/revisions\/229"}],"wp:featuredmedia":[{"embeddable":true,"href":"https:\/\/contraloriaestadoamazonas.gob.ve\/amz\/wp-json\/wp\/v2\/media\/232"}],"wp:attachment":[{"href":"https:\/\/contraloriaestadoamazonas.gob.ve\/amz\/wp-json\/wp\/v2\/media?parent=227"}],"wp:term":[{"taxonomy":"category","embeddable":true,"href":"https:\/\/contraloriaestadoamazonas.gob.ve\/amz\/wp-json\/wp\/v2\/categories?post=227"},{"taxonomy":"post_tag","embeddable":true,"href":"https:\/\/contraloriaestadoamazonas.gob.ve\/amz\/wp-json\/wp\/v2\/tags?post=227"}],"curies":[{"name":"wp","href":"https:\/\/api.w.org\/{rel}","templated":true}]}}