{"id":2285,"date":"2013-08-22T08:59:50","date_gmt":"2013-08-22T13:29:50","guid":{"rendered":"http:\/\/www.contraloriaestadoamazonas.gob.ve\/amz\/?p=2285"},"modified":"2013-08-27T09:30:18","modified_gmt":"2013-08-27T14:00:18","slug":"contraloria-del-estado-amazonas-cumple-xx-aniversario-ejerciendo-el-control-fiscal-en-la-entidad-2","status":"publish","type":"post","link":"https:\/\/contraloriaestadoamazonas.gob.ve\/amz\/2013\/08\/contraloria-del-estado-amazonas-cumple-xx-aniversario-ejerciendo-el-control-fiscal-en-la-entidad-2\/","title":{"rendered":"Contralor\u00eda del Estado Amazonas cumple XX aniversario ejerciendo el control fiscal en la Entidad"},"content":{"rendered":"<h3 style=\"text-align: justify;\"><a href=\"http:\/\/www.contraloriaestadoamazonas.gob.ve\/amz\/wp-content\/uploads\/2013\/08\/Fachada-.png\"><img loading=\"lazy\" decoding=\"async\" class=\"alignright size-medium wp-image-2286\" alt=\"Fachada\" src=\"http:\/\/www.contraloriaestadoamazonas.gob.ve\/amz\/wp-content\/uploads\/2013\/08\/Fachada--300x221.png\" width=\"300\" height=\"221\" srcset=\"https:\/\/contraloriaestadoamazonas.gob.ve\/amz\/wp-content\/uploads\/2013\/08\/Fachada--300x221.png 300w, https:\/\/contraloriaestadoamazonas.gob.ve\/amz\/wp-content\/uploads\/2013\/08\/Fachada--1024x756.png 1024w, https:\/\/contraloriaestadoamazonas.gob.ve\/amz\/wp-content\/uploads\/2013\/08\/Fachada-.png 1600w\" sizes=\"auto, (max-width: 300px) 100vw, 300px\" \/><\/a> El d\u00eda 25 de marzo, la Contralor\u00eda del estado Amazonas cumpli\u00f3 XX \u00a0aniversario ejerciendo el control fiscal en la entidad, \u00a0su\u00a0 misi\u00f3n es seguir siendo una instituci\u00f3n con principios de responsabilidad, honestidad, imparcialidad y transparencia, donde se fortalecen los procedimientos de control fiscal y se promueve el control social desde las bases comunitarias, apoyados en un cuerpo normativo que promueve la participaci\u00f3n ciudadana de la colectividad; aportando las herramientas para fortalecer el poder popular desde diversos sectores, como: escuelas, consejos comunales, casa del abuelo y sectores organizados, con los\u00a0 programas de contralores sociales, abuelos, escolares e ind\u00edgenas.<\/h3>\n<h3 style=\"text-align: justify;\">Desde el 23 de agosto de 2009, la Contralor\u00eda goza de una sede propia, logro de gran significado que ha consolidado a la instituci\u00f3n en la regi\u00f3n, adem\u00e1s de contar con un personal calificado integrado por un equipo multidisciplinario con altos valores \u00e9ticos y morales, que asumen con eficiencia y eficacia el d\u00eda a d\u00eda de los retos profesionales, con la finalidad de prevenir y luchar contra la corrupci\u00f3n\u00a0 en la administraci\u00f3n de los recursos financieros del estado desde el a\u00f1o \u00a01993.<\/h3>\n<h3 style=\"text-align: justify;\"><a href=\"http:\/\/www.contraloriaestadoamazonas.gob.ve\/amz\/wp-content\/uploads\/2013\/08\/funcionarios-CEA.jpg\"><img loading=\"lazy\" decoding=\"async\" class=\"alignleft size-medium wp-image-2287\" alt=\"Familia Contralora CEA\" src=\"http:\/\/www.contraloriaestadoamazonas.gob.ve\/amz\/wp-content\/uploads\/2013\/08\/funcionarios-CEA-300x118.jpg\" width=\"300\" height=\"118\" srcset=\"https:\/\/contraloriaestadoamazonas.gob.ve\/amz\/wp-content\/uploads\/2013\/08\/funcionarios-CEA-300x118.jpg 300w, https:\/\/contraloriaestadoamazonas.gob.ve\/amz\/wp-content\/uploads\/2013\/08\/funcionarios-CEA-1024x405.jpg 1024w, https:\/\/contraloriaestadoamazonas.gob.ve\/amz\/wp-content\/uploads\/2013\/08\/funcionarios-CEA.jpg 1600w\" sizes=\"auto, (max-width: 300px) 100vw, 300px\" \/><\/a>Los actos conmemorativos de la fecha, se realizaran este viernes 23 de agosto, a partir de las 8 am con una misa de acci\u00f3n de gracias en la Catedral Mar\u00eda Auxiliadora, seguido por la ofrenda floral ante la estatua ecuestre del Libertador\u00a0 Sim\u00f3n Bol\u00edvar en\u00a0 Plaza Bol\u00edvar de la ciudad; el evento \u00a0central se llevar\u00e1 a cabo en el sal\u00f3n de usos m\u00faltiples\u00a0 Dr. Clodosbaldo Russian, ubicado en el edificio sede del ente contralor, donde se entregaran reconocimientos a los trabajadores por a\u00f1os de servicio; en esta actividad se contar\u00e1 con la presencia de personalidades de la localidad e invitados especiales como Cesar Otero Contralor del estado Aragua, Norman Silva Contralor del estado Miranda, Joel Maya Viloria Contralor del estado Yaracuy, Salome Baroni Contralora del estado Apure, Glinis Hern\u00e1ndez Contralora del estado Bol\u00edvar, y la\u00a0 Dra Marielba Jaua presidenta de Cofae, quien ser\u00e1 la oradora de orden del evento; de igual manera confirmaron asistencia las contraloras municipales de Atures y Manapaiare, Sor \u00c1ngela Rodr\u00edguez\u00a0 y Glinys Guevara.<\/h3>\n<h3 style=\"text-align: justify;\">Celebramos un a\u00f1o m\u00e1s donde nos fortalecemos como \u00f3rgano de control fiscal y nos comprometemos a seguir consolidando el control fiscal y la participaci\u00f3n ciudadana con eficiencia, \u00a0eficacia y transparencia.<\/h3>\n<p>&nbsp;<\/p>\n<p><!--[if gte mso 9]><xml>\n<o:OfficeDocumentSettings>\n<o:RelyOnVML\/>\n<o:AllowPNG\/>\n<\/o:OfficeDocumentSettings>\n<\/xml><![endif]--><\/p>\n","protected":false},"excerpt":{"rendered":"<p>El d\u00eda 25 de marzo, la Contralor\u00eda del estado Amazonas cumpli\u00f3 XX \u00a0aniversario ejerciendo el control fiscal en la entidad, \u00a0su\u00a0 misi\u00f3n es seguir siendo una instituci\u00f3n con principios de responsabilidad, honestidad, imparcialidad y transparencia, donde se fortalecen los procedimientos &hellip; <a class=\"more-link\" href=\"https:\/\/contraloriaestadoamazonas.gob.ve\/amz\/2013\/08\/contraloria-del-estado-amazonas-cumple-xx-aniversario-ejerciendo-el-control-fiscal-en-la-entidad-2\/\">Sigue leyendo <span class=\"meta-nav\">&rarr;<\/span><\/a><\/p>\n","protected":false},"author":2,"featured_media":0,"comment_status":"closed","ping_status":"closed","sticky":false,"template":"","format":"gallery","meta":{"footnotes":""},"categories":[33],"tags":[],"class_list":["post-2285","post","type-post","status-publish","format-gallery","hentry","category-noticias","post_format-post-format-gallery"],"_links":{"self":[{"href":"https:\/\/contraloriaestadoamazonas.gob.ve\/amz\/wp-json\/wp\/v2\/posts\/2285","targetHints":{"allow":["GET"]}}],"collection":[{"href":"https:\/\/contraloriaestadoamazonas.gob.ve\/amz\/wp-json\/wp\/v2\/posts"}],"about":[{"href":"https:\/\/contraloriaestadoamazonas.gob.ve\/amz\/wp-json\/wp\/v2\/types\/post"}],"author":[{"embeddable":true,"href":"https:\/\/contraloriaestadoamazonas.gob.ve\/amz\/wp-json\/wp\/v2\/users\/2"}],"replies":[{"embeddable":true,"href":"https:\/\/contraloriaestadoamazonas.gob.ve\/amz\/wp-json\/wp\/v2\/comments?post=2285"}],"version-history":[{"count":8,"href":"https:\/\/contraloriaestadoamazonas.gob.ve\/amz\/wp-json\/wp\/v2\/posts\/2285\/revisions"}],"predecessor-version":[{"id":2291,"href":"https:\/\/contraloriaestadoamazonas.gob.ve\/amz\/wp-json\/wp\/v2\/posts\/2285\/revisions\/2291"}],"wp:attachment":[{"href":"https:\/\/contraloriaestadoamazonas.gob.ve\/amz\/wp-json\/wp\/v2\/media?parent=2285"}],"wp:term":[{"taxonomy":"category","embeddable":true,"href":"https:\/\/contraloriaestadoamazonas.gob.ve\/amz\/wp-json\/wp\/v2\/categories?post=2285"},{"taxonomy":"post_tag","embeddable":true,"href":"https:\/\/contraloriaestadoamazonas.gob.ve\/amz\/wp-json\/wp\/v2\/tags?post=2285"}],"curies":[{"name":"wp","href":"https:\/\/api.w.org\/{rel}","templated":true}]}}