{"id":2303,"date":"2013-08-27T10:19:42","date_gmt":"2013-08-27T14:49:42","guid":{"rendered":"http:\/\/www.contraloriaestadoamazonas.gob.ve\/amz\/?p=2303"},"modified":"2013-08-27T10:19:42","modified_gmt":"2013-08-27T14:49:42","slug":"cgr-presenta-en-la-onu-el-programa-la-contraloria-va-a-la-escuela","status":"publish","type":"post","link":"https:\/\/contraloriaestadoamazonas.gob.ve\/amz\/2013\/08\/cgr-presenta-en-la-onu-el-programa-la-contraloria-va-a-la-escuela\/","title":{"rendered":"CGR presenta en la ONU el programa \u201cLa Contralor\u00eda va a la Escuela\u201d"},"content":{"rendered":"<h3 style=\"text-align: justify;\"><a href=\"http:\/\/www.contraloriaestadoamazonas.gob.ve\/amz\/wp-content\/uploads\/2013\/08\/Contralores-Escolares-en-la-ONU.jpg\"><img loading=\"lazy\" decoding=\"async\" class=\"alignleft size-medium wp-image-2304\" alt=\"Contralores Escolares en la ONU\" src=\"http:\/\/www.contraloriaestadoamazonas.gob.ve\/amz\/wp-content\/uploads\/2013\/08\/Contralores-Escolares-en-la-ONU-283x300.jpg\" width=\"283\" height=\"300\" srcset=\"https:\/\/contraloriaestadoamazonas.gob.ve\/amz\/wp-content\/uploads\/2013\/08\/Contralores-Escolares-en-la-ONU-283x300.jpg 283w, https:\/\/contraloriaestadoamazonas.gob.ve\/amz\/wp-content\/uploads\/2013\/08\/Contralores-Escolares-en-la-ONU-966x1024.jpg 966w, https:\/\/contraloriaestadoamazonas.gob.ve\/amz\/wp-content\/uploads\/2013\/08\/Contralores-Escolares-en-la-ONU.jpg 1133w\" sizes=\"auto, (max-width: 283px) 100vw, 283px\" \/><\/a>La Rep\u00fablica Bolivariana de Venezuela, representada por la Contralor\u00eda General y el Sistema Nacional de Control Fiscal, particip\u00f3 este martes como panelista en la <i>Cuarta Reuni\u00f3n del Grupo de Trabajo Intergubernamental de Composici\u00f3n Abierta sobre Prevenci\u00f3n de la Corrupci\u00f3n,<\/i> organizada por la Oficina de las Naciones Unidas contra la Droga y el Delito en la ciudad de Viena, Austria. La delegaci\u00f3n venezolana, conformada por el director general T\u00e9cnico (E) de la CGR, Basilio J\u00e1uregui, y la contralora del estado Gu\u00e1rico, Patricia Camero, present\u00f3 ante este organismo internacional la experiencia de participaci\u00f3n ciudadana denominada <i>La Contralor\u00eda va a la Escuela,<\/i> una iniciativa que da fiel cumplimiento a lo que establece tanto el marco normativo de Venezuela como la Convenci\u00f3n de las Naciones Unidas contra la Corrupci\u00f3n.<\/h3>\n<h3 style=\"text-align: justify;\">La licenciada Patricia Camero manifest\u00f3 la importancia que tiene esta oportunidad para Venezuela y el Sistema Nacional de Control Fiscal de dar a conocer el referido programa, en el marco del debate tem\u00e1tico sobre la participaci\u00f3n de los ni\u00f1os y j\u00f3venes en la lucha contra la corrupci\u00f3n.<\/h3>\n<h3 style=\"text-align: justify;\">\u201cPara nosotros es motivo de orgullo que nuestras iniciativas sean reconocidas internacionalmente, por lo que promueve el programa sobre la formaci\u00f3n de nuevos ciudadanos que participan activamente desde muy temprana edad en mecanismos de prevenci\u00f3n de este flagelo\u201d, destac\u00f3.<\/h3>\n<h3 style=\"text-align: justify;\">De igual forma, Patricia Camero explic\u00f3 que con el \u00e9xito de esta experiencia de formaci\u00f3n ciudadana en los veintitr\u00e9s estados del pa\u00eds, a trav\u00e9s de las contralor\u00edas estadales y municipales, queda demostrado el avance en materia de lucha contra la corrupci\u00f3n que existe en Venezuela, en cumplimiento de lo que expresa la Constituci\u00f3n acerca de la promoci\u00f3n de la educaci\u00f3n como proceso creador de la ciudadan\u00eda.<\/h3>\n<h3 style=\"text-align: justify;\">Al finalizar la <i>Cuarta Reuni\u00f3n del Grupo de Trabajo Intergubernamental de Composici\u00f3n Abierta sobre Prevenci\u00f3n de la Corrupci\u00f3n<\/i> se tiene previsto elaborar un informe especial con la compilaci\u00f3n de los diferentes aportes presentados como medidas ideales a ser consideradas por los distintos pa\u00edses, el cual ser\u00e1 discutido en la pr\u00f3xima Convenci\u00f3n de las Naciones Unidas contra la Corrupci\u00f3n que se celebrar\u00e1 en Panam\u00e1.<\/h3>\n","protected":false},"excerpt":{"rendered":"<p>La Rep\u00fablica Bolivariana de Venezuela, representada por la Contralor\u00eda General y el Sistema Nacional de Control Fiscal, particip\u00f3 este martes como panelista en la Cuarta Reuni\u00f3n del Grupo de Trabajo Intergubernamental de Composici\u00f3n Abierta sobre Prevenci\u00f3n de la Corrupci\u00f3n, organizada &hellip; <a class=\"more-link\" href=\"https:\/\/contraloriaestadoamazonas.gob.ve\/amz\/2013\/08\/cgr-presenta-en-la-onu-el-programa-la-contraloria-va-a-la-escuela\/\">Sigue leyendo <span class=\"meta-nav\">&rarr;<\/span><\/a><\/p>\n","protected":false},"author":2,"featured_media":0,"comment_status":"closed","ping_status":"closed","sticky":false,"template":"","format":"gallery","meta":{"footnotes":""},"categories":[54],"tags":[],"class_list":["post-2303","post","type-post","status-publish","format-gallery","hentry","category-noticias-cgr","post_format-post-format-gallery"],"_links":{"self":[{"href":"https:\/\/contraloriaestadoamazonas.gob.ve\/amz\/wp-json\/wp\/v2\/posts\/2303","targetHints":{"allow":["GET"]}}],"collection":[{"href":"https:\/\/contraloriaestadoamazonas.gob.ve\/amz\/wp-json\/wp\/v2\/posts"}],"about":[{"href":"https:\/\/contraloriaestadoamazonas.gob.ve\/amz\/wp-json\/wp\/v2\/types\/post"}],"author":[{"embeddable":true,"href":"https:\/\/contraloriaestadoamazonas.gob.ve\/amz\/wp-json\/wp\/v2\/users\/2"}],"replies":[{"embeddable":true,"href":"https:\/\/contraloriaestadoamazonas.gob.ve\/amz\/wp-json\/wp\/v2\/comments?post=2303"}],"version-history":[{"count":1,"href":"https:\/\/contraloriaestadoamazonas.gob.ve\/amz\/wp-json\/wp\/v2\/posts\/2303\/revisions"}],"predecessor-version":[{"id":2305,"href":"https:\/\/contraloriaestadoamazonas.gob.ve\/amz\/wp-json\/wp\/v2\/posts\/2303\/revisions\/2305"}],"wp:attachment":[{"href":"https:\/\/contraloriaestadoamazonas.gob.ve\/amz\/wp-json\/wp\/v2\/media?parent=2303"}],"wp:term":[{"taxonomy":"category","embeddable":true,"href":"https:\/\/contraloriaestadoamazonas.gob.ve\/amz\/wp-json\/wp\/v2\/categories?post=2303"},{"taxonomy":"post_tag","embeddable":true,"href":"https:\/\/contraloriaestadoamazonas.gob.ve\/amz\/wp-json\/wp\/v2\/tags?post=2303"}],"curies":[{"name":"wp","href":"https:\/\/api.w.org\/{rel}","templated":true}]}}