{"id":2310,"date":"2013-08-27T11:43:17","date_gmt":"2013-08-27T16:13:17","guid":{"rendered":"http:\/\/www.contraloriaestadoamazonas.gob.ve\/amz\/?p=2310"},"modified":"2013-08-27T11:43:17","modified_gmt":"2013-08-27T16:13:17","slug":"el-contralor-del-estado-aragua-lcdo-cesar-otero-felicito-a-toda-la-familia-de-la-contraloria-del-estado-amazonas-por-su-xx-aniversario","status":"publish","type":"post","link":"https:\/\/contraloriaestadoamazonas.gob.ve\/amz\/2013\/08\/el-contralor-del-estado-aragua-lcdo-cesar-otero-felicito-a-toda-la-familia-de-la-contraloria-del-estado-amazonas-por-su-xx-aniversario\/","title":{"rendered":"El Contralor del estado Aragua Lcdo. Cesar Otero felicit\u00f3 a toda la familia de la Contralor\u00eda del estado Amazonas por su  XX aniversario"},"content":{"rendered":"<h3 style=\"text-align: justify;\">El Contralor del estado Aragua Lcdo. Cesar Otero, felicit\u00f3 y envi\u00f3 sus deseos de \u00e9xitos a toda la familia integrante de este organismo de control fiscal, con motivo de la celebraci\u00f3n de los actos conmemorativos del vig\u00e9simo aniversario de la Contralor\u00eda del estado Amazonas en el cumplimiento y ejercicio del control fiscal en la regi\u00f3n aportando al Sistema Nacional de Control Fiscal; el Lcdo. Otero reiter\u00f3 su apoyo interinstitucional para seguir avanzando en la lucha contra la corrupci\u00f3n y as\u00ed garantizar el bienestar de todo el colectivo. As\u00ed mismo el Contralor del estado Amazonas Abg. Guillermo Forti agradeci\u00f3 el detalle y el apoyo ofrecido a la Contralor\u00eda del estado Amazonas.<\/h3>\n","protected":false},"excerpt":{"rendered":"<p>El Contralor del estado Aragua Lcdo. Cesar Otero, felicit\u00f3 y envi\u00f3 sus deseos de \u00e9xitos a toda la familia integrante de este organismo de control fiscal, con motivo de la celebraci\u00f3n de los actos conmemorativos del vig\u00e9simo aniversario de la &hellip; <a class=\"more-link\" href=\"https:\/\/contraloriaestadoamazonas.gob.ve\/amz\/2013\/08\/el-contralor-del-estado-aragua-lcdo-cesar-otero-felicito-a-toda-la-familia-de-la-contraloria-del-estado-amazonas-por-su-xx-aniversario\/\">Sigue leyendo <span class=\"meta-nav\">&rarr;<\/span><\/a><\/p>\n","protected":false},"author":2,"featured_media":0,"comment_status":"closed","ping_status":"closed","sticky":false,"template":"","format":"gallery","meta":{"footnotes":""},"categories":[33],"tags":[],"class_list":["post-2310","post","type-post","status-publish","format-gallery","hentry","category-noticias","post_format-post-format-gallery"],"_links":{"self":[{"href":"https:\/\/contraloriaestadoamazonas.gob.ve\/amz\/wp-json\/wp\/v2\/posts\/2310","targetHints":{"allow":["GET"]}}],"collection":[{"href":"https:\/\/contraloriaestadoamazonas.gob.ve\/amz\/wp-json\/wp\/v2\/posts"}],"about":[{"href":"https:\/\/contraloriaestadoamazonas.gob.ve\/amz\/wp-json\/wp\/v2\/types\/post"}],"author":[{"embeddable":true,"href":"https:\/\/contraloriaestadoamazonas.gob.ve\/amz\/wp-json\/wp\/v2\/users\/2"}],"replies":[{"embeddable":true,"href":"https:\/\/contraloriaestadoamazonas.gob.ve\/amz\/wp-json\/wp\/v2\/comments?post=2310"}],"version-history":[{"count":1,"href":"https:\/\/contraloriaestadoamazonas.gob.ve\/amz\/wp-json\/wp\/v2\/posts\/2310\/revisions"}],"predecessor-version":[{"id":2311,"href":"https:\/\/contraloriaestadoamazonas.gob.ve\/amz\/wp-json\/wp\/v2\/posts\/2310\/revisions\/2311"}],"wp:attachment":[{"href":"https:\/\/contraloriaestadoamazonas.gob.ve\/amz\/wp-json\/wp\/v2\/media?parent=2310"}],"wp:term":[{"taxonomy":"category","embeddable":true,"href":"https:\/\/contraloriaestadoamazonas.gob.ve\/amz\/wp-json\/wp\/v2\/categories?post=2310"},{"taxonomy":"post_tag","embeddable":true,"href":"https:\/\/contraloriaestadoamazonas.gob.ve\/amz\/wp-json\/wp\/v2\/tags?post=2310"}],"curies":[{"name":"wp","href":"https:\/\/api.w.org\/{rel}","templated":true}]}}