{"id":2321,"date":"2013-09-03T11:21:07","date_gmt":"2013-09-03T15:51:07","guid":{"rendered":"http:\/\/www.contraloriaestadoamazonas.gob.ve\/amz\/?p=2321"},"modified":"2013-09-03T11:21:07","modified_gmt":"2013-09-03T15:51:07","slug":"contraloria-del-estado-amazonas-celebro-su-vigesimo-aniversario-comprometidos-con-la-consolidacion-del-control-fiscal","status":"publish","type":"post","link":"https:\/\/contraloriaestadoamazonas.gob.ve\/amz\/2013\/09\/contraloria-del-estado-amazonas-celebro-su-vigesimo-aniversario-comprometidos-con-la-consolidacion-del-control-fiscal\/","title":{"rendered":"Contralor\u00eda del estado Amazonas celebr\u00f3 su vig\u00e9simo aniversario comprometidos con la consolidaci\u00f3n del control fiscal"},"content":{"rendered":"<h3 style=\"text-align: justify;\"><a href=\"http:\/\/www.contraloriaestadoamazonas.gob.ve\/amz\/wp-content\/uploads\/2013\/09\/Misa.jpg\"><img loading=\"lazy\" decoding=\"async\" class=\"alignleft size-medium wp-image-2324\" alt=\"Misa Acci\u00f3n de Gracia\" src=\"http:\/\/www.contraloriaestadoamazonas.gob.ve\/amz\/wp-content\/uploads\/2013\/09\/Misa-300x199.jpg\" width=\"300\" height=\"199\" srcset=\"https:\/\/contraloriaestadoamazonas.gob.ve\/amz\/wp-content\/uploads\/2013\/09\/Misa-300x199.jpg 300w, https:\/\/contraloriaestadoamazonas.gob.ve\/amz\/wp-content\/uploads\/2013\/09\/Misa-1024x681.jpg 1024w, https:\/\/contraloriaestadoamazonas.gob.ve\/amz\/wp-content\/uploads\/2013\/09\/Misa.jpg 1600w\" sizes=\"auto, (max-width: 300px) 100vw, 300px\" \/><\/a>El d\u00eda viernes 23 de agosto la Contralor\u00eda del estado Amazonas gerenciada por el Contralor (P) Abogado Guillermo Forti, celebr\u00f3 \u00a0su vig\u00e9simo aniversario de labores ininterrumpida en la regi\u00f3n, las actividades aniversarias iniciaron con una misa de acci\u00f3n de gracias en la catedral Virgen Mar\u00eda Auxiliadora de esta ciudad, seguido de la ofrenda floral ante la estatua ecuestre del padre de la patria\u00a0 Sim\u00f3n Bol\u00edvar\u00a0 por parte de las autoridades y funcionarios de la Contralor\u00eda del Estado y de las\u00a0 contralor\u00edas municipales de Atures y Manapiare.<\/h3>\n<h3 style=\"text-align: justify;\"><a href=\"http:\/\/www.contraloriaestadoamazonas.gob.ve\/amz\/wp-content\/uploads\/2013\/09\/Ofrenda.jpg\"><img loading=\"lazy\" decoding=\"async\" class=\"alignright size-medium wp-image-2326\" alt=\"Ofrenda Floral\" src=\"http:\/\/www.contraloriaestadoamazonas.gob.ve\/amz\/wp-content\/uploads\/2013\/09\/Ofrenda-300x220.jpg\" width=\"300\" height=\"220\" srcset=\"https:\/\/contraloriaestadoamazonas.gob.ve\/amz\/wp-content\/uploads\/2013\/09\/Ofrenda-300x220.jpg 300w, https:\/\/contraloriaestadoamazonas.gob.ve\/amz\/wp-content\/uploads\/2013\/09\/Ofrenda-1024x752.jpg 1024w, https:\/\/contraloriaestadoamazonas.gob.ve\/amz\/wp-content\/uploads\/2013\/09\/Ofrenda.jpg 1600w\" sizes=\"auto, (max-width: 300px) 100vw, 300px\" \/><\/a>En este evento se cont\u00f3 con la presencia de la\u00a0 Dra. Marielba Jaua,\u00a0 Presidenta del \u00a0Instituto de Altos Estudios de Control Fiscal y Auditor\u00eda del Estado Fundaci\u00f3n\u00a0 \u00abGumersindo Torres COFAE, quien fue la oradora de orden; los contralores de estado: Norma Silva Contralor del estado Miranda, Salome Baroni Contralora del estado Apure, Glinis Hern\u00e1ndez, Contralora del estado Bol\u00edvar, Joel Maya Viloria Contralor del estado Yaracuy, as\u00ed mismo la contralora municipal de Manapiare\u00a0 Abg. Glinys Guevara y\u00a0 la Directora General de la Contralor\u00eda del municipio Atures Abg. Indira Camejo, tambi\u00e9n estuvieron presentes representantes de la FANB, C\/A Biagio Covelli Di Patrizio Comandante de la s\u00e9ptima Brigada de Infanter\u00eda de Marina Fluvial \u201cG\/B Franz\u00a0 Risquez Iribarren\u201d y el Gral. Bgda. Luis Beltr\u00e1n Carri\u00f3n Rojas Comandante Regional N\u00ba9 de la Guardia Nacional Bolivariana, de igual manera en la ocasi\u00f3n estuvo el vicepresidente de Corpo &#8211; Amazonas Abg. Pedro Cabello.<\/h3>\n<h3 style=\"text-align: justify;\"><a href=\"http:\/\/www.contraloriaestadoamazonas.gob.ve\/amz\/wp-content\/uploads\/2013\/09\/Galeria.jpg\"><img loading=\"lazy\" decoding=\"async\" class=\"alignleft size-medium wp-image-2323\" alt=\"Develaci\u00f3n Galeria Contralores\" src=\"http:\/\/www.contraloriaestadoamazonas.gob.ve\/amz\/wp-content\/uploads\/2013\/09\/Galeria-300x199.jpg\" width=\"300\" height=\"199\" srcset=\"https:\/\/contraloriaestadoamazonas.gob.ve\/amz\/wp-content\/uploads\/2013\/09\/Galeria-300x199.jpg 300w, https:\/\/contraloriaestadoamazonas.gob.ve\/amz\/wp-content\/uploads\/2013\/09\/Galeria-1024x681.jpg 1024w, https:\/\/contraloriaestadoamazonas.gob.ve\/amz\/wp-content\/uploads\/2013\/09\/Galeria.jpg 1600w\" sizes=\"auto, (max-width: 300px) 100vw, 300px\" \/><\/a>El acto protocolar \u00a0se realiz\u00f3 en el sal\u00f3n de usos m\u00faltiples Dr. Clodosbaldo Russian\u00a0 ubicado en el edificio sede de la Contralor\u00eda; donde se devel\u00f3 la galer\u00eda de Contralores de \u00a0este ente de Control Fiscal Estadal por parte del Contralor del estado Amazonas Abg. Guillermo Forti\u00a0 en compa\u00f1\u00eda de la Abg. Marielba Jaua; seguidamente se hizo entrega de botones y reconocimientos a funcionarios con 5 y 20 a\u00f1os de servicio en el \u00d3rgano de Control Estadal; con 5 a\u00f1os de servicios se les impuso bot\u00f3n a: Rossirys Ben\u00edtez,\u00a0 Cris\u00e1lida Veliz, Fanny Mill\u00e1n, Edwin Cababana, Adriana Carre\u00f1o, Eladio Ortega, Elvia Medina y Daseigry Leal, asimismo la funcionaria Ayari Infante recibi\u00f3 reconocimiento y un bot\u00f3n por 20 a\u00f1os de servicios, en su agradecimiento resalt\u00f3 que \u201c<i>todo servidor p\u00fablico de un \u00f3rgano de control estadal debe caracterizarse por ofrecer el m\u00e1s excelso de los servicios,\u00a0 de manera proactiva, de la m\u00e1s alta calidad, eficaz, eficiente, acorde con la visi\u00f3n y misi\u00f3n del \u00f3rgano de control fiscal\u201d<\/i>.<\/h3>\n<h3 style=\"text-align: justify;\"><a href=\"http:\/\/www.contraloriaestadoamazonas.gob.ve\/amz\/wp-content\/uploads\/2013\/09\/Abg-Marielba-Jaua.jpg\"><img loading=\"lazy\" decoding=\"async\" class=\"alignright size-thumbnail wp-image-2322\" alt=\"Abg. Marielba Jaua\" src=\"http:\/\/www.contraloriaestadoamazonas.gob.ve\/amz\/wp-content\/uploads\/2013\/09\/Abg-Marielba-Jaua-150x150.jpg\" width=\"150\" height=\"150\" \/><\/a>La \u00a0Dra. Marielba Jaua, como oradora de orden, presento una reflexi\u00f3n sobre lo que debe ser la gesti\u00f3n p\u00fablica: <i>\u201c(\u2026) Desde lo m\u00e1s simple nosotros pudi\u00e9ramos decir que gesti\u00f3n de lo p\u00fablico es dar respuesta, es celeridad con calidad, que cada d\u00eda que nosotros ejercemos las actividades debemos dar valor agregado a esas actividades que estamos realizando, para satisfacer esas necesidades y expectativas que tienen los ciudadanos y hacerlo con eficiencia, con eficacia en el uso de los recursos p\u00fablicos (\u2026), <\/i>destacando que se debe hacer revisi\u00f3n a nuestras actividades, que se realicen con econom\u00eda, eficiencia, eficacia, \u00e9tica y moral administrativa, ya que (\u2026) <i>es fundamental en este momento en el servicio y en esa gesti\u00f3n p\u00fablica que rescatemos la eficiencia y la calidad para lograr y seguir consolidando este pa\u00eds (\u2026)<\/i><\/h3>\n<h3 style=\"text-align: justify;\"><a href=\"http:\/\/www.contraloriaestadoamazonas.gob.ve\/amz\/wp-content\/uploads\/2013\/09\/Abg-Forti.jpg\"><img loading=\"lazy\" decoding=\"async\" class=\"alignleft size-thumbnail wp-image-2325\" alt=\"Abg. Guillermo Forti\" src=\"http:\/\/www.contraloriaestadoamazonas.gob.ve\/amz\/wp-content\/uploads\/2013\/09\/Abg-Forti-150x150.jpg\" width=\"150\" height=\"150\" \/><\/a>En este mismo orden de ideas el Contralor del estado Amazonas\u00a0 Abg. Guillermo Forti expuso que la gesti\u00f3n publica debe estar comprometida con el cambio, y <i>(\u2026) <\/i><i>Este compromiso debe venir desde adentro con la formaci\u00f3n de un funcionario con conciencia \u00e9tica y social, impulsado por los objetivos hist\u00f3ricos propuestos desde las l\u00edneas de gobierno plasmadas en los Planes de la Naci\u00f3n, presentados por Comandante Supremo Hugo Ch\u00e1vez desde el a\u00f1o 2000 a los cuales les est\u00e1 dando continuidad el Presidente Nicol\u00e1s Maduro, las cuales han tenido como directriz principal <b>La nueva \u00e9tica socialista <\/b>, la cual continua plasmada en los objetivos hist\u00f3ricos para el periodo 2013-2019, donde se ha planteado continuar construyendo el socialismo bolivariano del siglo XXI, mediante una sociedad <\/i><i>igualitaria y justa, en la cual se consolide el poder popular, convocando y promoviendo una nueva orientaci\u00f3n \u00e9tica, moral y espiritual de la sociedad, <\/i><i>donde todos vivamos en similares condiciones,\u00a0 rumbo a lo propuesto por nuestro Libertador: \u201cLa Suprema Felicidad Social\u201d\u2026<\/i><\/h3>\n<h3 style=\"text-align: justify;\"><a href=\"http:\/\/www.contraloriaestadoamazonas.gob.ve\/amz\/wp-content\/uploads\/2013\/09\/torta.jpg\"><img loading=\"lazy\" decoding=\"async\" class=\"alignright size-thumbnail wp-image-2327\" alt=\"Torta Aniversario\" src=\"http:\/\/www.contraloriaestadoamazonas.gob.ve\/amz\/wp-content\/uploads\/2013\/09\/torta-150x150.jpg\" width=\"150\" height=\"150\" \/><\/a>Como parte de la programaci\u00f3n se disfrut\u00f3 de un acto cultural del folklore presentado por el grupo Juventud en Acci\u00f3n, formado por j\u00f3venes amazonenses, quienes presentaron un popurr\u00ed de danzas representativas de varias regiones venezolanas, los asistentes disfrutaron de un rico almuerzo y m\u00fasica en vivo de la orquesta la \u201cPeque\u00f1a Banda\u201d, sin faltar la tradicional torta para celebrar y cantarle el cumplea\u00f1os feliz a este Ente contralor.<\/h3>\n","protected":false},"excerpt":{"rendered":"<p>El d\u00eda viernes 23 de agosto la Contralor\u00eda del estado Amazonas gerenciada por el Contralor (P) Abogado Guillermo Forti, celebr\u00f3 \u00a0su vig\u00e9simo aniversario de labores ininterrumpida en la regi\u00f3n, las actividades aniversarias iniciaron con una misa de acci\u00f3n de gracias &hellip; <a class=\"more-link\" href=\"https:\/\/contraloriaestadoamazonas.gob.ve\/amz\/2013\/09\/contraloria-del-estado-amazonas-celebro-su-vigesimo-aniversario-comprometidos-con-la-consolidacion-del-control-fiscal\/\">Sigue leyendo <span class=\"meta-nav\">&rarr;<\/span><\/a><\/p>\n","protected":false},"author":2,"featured_media":0,"comment_status":"closed","ping_status":"closed","sticky":false,"template":"","format":"gallery","meta":{"footnotes":""},"categories":[33],"tags":[],"class_list":["post-2321","post","type-post","status-publish","format-gallery","hentry","category-noticias","post_format-post-format-gallery"],"_links":{"self":[{"href":"https:\/\/contraloriaestadoamazonas.gob.ve\/amz\/wp-json\/wp\/v2\/posts\/2321","targetHints":{"allow":["GET"]}}],"collection":[{"href":"https:\/\/contraloriaestadoamazonas.gob.ve\/amz\/wp-json\/wp\/v2\/posts"}],"about":[{"href":"https:\/\/contraloriaestadoamazonas.gob.ve\/amz\/wp-json\/wp\/v2\/types\/post"}],"author":[{"embeddable":true,"href":"https:\/\/contraloriaestadoamazonas.gob.ve\/amz\/wp-json\/wp\/v2\/users\/2"}],"replies":[{"embeddable":true,"href":"https:\/\/contraloriaestadoamazonas.gob.ve\/amz\/wp-json\/wp\/v2\/comments?post=2321"}],"version-history":[{"count":3,"href":"https:\/\/contraloriaestadoamazonas.gob.ve\/amz\/wp-json\/wp\/v2\/posts\/2321\/revisions"}],"predecessor-version":[{"id":2330,"href":"https:\/\/contraloriaestadoamazonas.gob.ve\/amz\/wp-json\/wp\/v2\/posts\/2321\/revisions\/2330"}],"wp:attachment":[{"href":"https:\/\/contraloriaestadoamazonas.gob.ve\/amz\/wp-json\/wp\/v2\/media?parent=2321"}],"wp:term":[{"taxonomy":"category","embeddable":true,"href":"https:\/\/contraloriaestadoamazonas.gob.ve\/amz\/wp-json\/wp\/v2\/categories?post=2321"},{"taxonomy":"post_tag","embeddable":true,"href":"https:\/\/contraloriaestadoamazonas.gob.ve\/amz\/wp-json\/wp\/v2\/tags?post=2321"}],"curies":[{"name":"wp","href":"https:\/\/api.w.org\/{rel}","templated":true}]}}