{"id":275,"date":"2011-06-08T09:44:42","date_gmt":"2011-06-08T14:14:42","guid":{"rendered":"http:\/\/www.contraloriaestadoamazonas.gob.ve\/amz\/?p=275"},"modified":"2011-08-05T10:01:46","modified_gmt":"2011-08-05T14:31:46","slug":"contraloria-del-estado-amazonas-realizo-jornada-informativa-en-avenidas-de-puerto-ayacucho","status":"publish","type":"post","link":"https:\/\/contraloriaestadoamazonas.gob.ve\/amz\/2011\/06\/contraloria-del-estado-amazonas-realizo-jornada-informativa-en-avenidas-de-puerto-ayacucho\/","title":{"rendered":"Contralor\u00eda del Estado Amazonas Realiz\u00f3 Jornada Informativa en avenidas de Puerto Ayacucho"},"content":{"rendered":"<p style=\"text-align: justify;\"><a href=\"http:\/\/www.contraloriaestadoamazonas.gob.ve\/amz\/wp-content\/uploads\/2011\/06\/jornada2.jpg\"><img loading=\"lazy\" decoding=\"async\" class=\"alignleft size-full wp-image-279\" title=\"jornada\" src=\"http:\/\/www.contraloriaestadoamazonas.gob.ve\/amz\/wp-content\/uploads\/2011\/06\/jornada2.jpg\" alt=\"\" width=\"280\" height=\"187\" \/><\/a>Con el prop\u00f3sito de dar a conocer las funciones de la Oficina de Atenci\u00f3n al Ciudadano de la Contralor\u00eda del Estado Amazonas, e incentivar a la colectividad a ejercer el derecho a una participaci\u00f3n ciudadana activa, para\u00a0 denunciar presuntas irregularidades cometidas por organismos o entidades p\u00fablicas.<br \/>\n<a href=\"http:\/\/www.contraloriaestadoamazonas.gob.ve\/amz\/wp-content\/uploads\/2011\/06\/jornada1.jpg\"><img loading=\"lazy\" decoding=\"async\" class=\"alignleft size-full wp-image-278\" title=\"jornada1\" src=\"http:\/\/www.contraloriaestadoamazonas.gob.ve\/amz\/wp-content\/uploads\/2011\/06\/jornada1.jpg\" alt=\"\" width=\"280\" height=\"187\" \/><\/a>Se realiz\u00f3 una jornada informativa, distribuyendo folletos y marcando los veh\u00edculos con el slogan\u00a0<em><strong>\u201cContralores Somos Todos\u201d<\/strong><\/em>,\u00a0<em><strong>\u201c Denuncia Ya!\u201d<\/strong><\/em>;\u00a0 en la ciudad de Puerto Ayacucho, espec\u00edficamente en las avenidas 23 de enero y\u00a0 avenida Orinoco, \u00e9sta actividad cont\u00f3 con el apoyo de funcionarios de la Guardia\u00a0 Nacional Bolivariana de Venezuela y funcionarios adscritos al Instituto Nacional de Transporte y Transito Terrestre.<br \/>\nEn esta actividad participaron los funcionarios\u00a0 pertenecientes a las diferentes direcciones y dependencias del Ente Contralor, cabe destacar que la colectividad fue bastante receptiva e interesada en recibir la informaci\u00f3n; una vez m\u00e1s la Contralor\u00eda crea nexo con la sociedad civil para fomentar la participaci\u00f3n ciudadana de manera directa y organizada, fortaleciendo las bases comunitarias en control fiscal y social haciendo \u00e9nfasis en que\u00a0<em><strong>\u201cContralores Somos Todos\u201d<\/strong>.<\/em><\/p>\n","protected":false},"excerpt":{"rendered":"<p>Con el prop\u00f3sito de dar a conocer las funciones de la Oficina de Atenci\u00f3n al Ciudadano de la Contralor\u00eda del Estado Amazonas, e incentivar a la colectividad a ejercer el derecho a una participaci\u00f3n ciudadana activa, para\u00a0 denunciar presuntas irregularidades &hellip; <a class=\"more-link\" href=\"https:\/\/contraloriaestadoamazonas.gob.ve\/amz\/2011\/06\/contraloria-del-estado-amazonas-realizo-jornada-informativa-en-avenidas-de-puerto-ayacucho\/\">Sigue leyendo <span class=\"meta-nav\">&rarr;<\/span><\/a><\/p>\n","protected":false},"author":2,"featured_media":279,"comment_status":"closed","ping_status":"closed","sticky":false,"template":"","format":"gallery","meta":{"footnotes":""},"categories":[11,33],"tags":[],"class_list":["post-275","post","type-post","status-publish","format-gallery","has-post-thumbnail","hentry","category-oac","category-noticias","post_format-post-format-gallery"],"_links":{"self":[{"href":"https:\/\/contraloriaestadoamazonas.gob.ve\/amz\/wp-json\/wp\/v2\/posts\/275","targetHints":{"allow":["GET"]}}],"collection":[{"href":"https:\/\/contraloriaestadoamazonas.gob.ve\/amz\/wp-json\/wp\/v2\/posts"}],"about":[{"href":"https:\/\/contraloriaestadoamazonas.gob.ve\/amz\/wp-json\/wp\/v2\/types\/post"}],"author":[{"embeddable":true,"href":"https:\/\/contraloriaestadoamazonas.gob.ve\/amz\/wp-json\/wp\/v2\/users\/2"}],"replies":[{"embeddable":true,"href":"https:\/\/contraloriaestadoamazonas.gob.ve\/amz\/wp-json\/wp\/v2\/comments?post=275"}],"version-history":[{"count":6,"href":"https:\/\/contraloriaestadoamazonas.gob.ve\/amz\/wp-json\/wp\/v2\/posts\/275\/revisions"}],"predecessor-version":[{"id":284,"href":"https:\/\/contraloriaestadoamazonas.gob.ve\/amz\/wp-json\/wp\/v2\/posts\/275\/revisions\/284"}],"wp:featuredmedia":[{"embeddable":true,"href":"https:\/\/contraloriaestadoamazonas.gob.ve\/amz\/wp-json\/wp\/v2\/media\/279"}],"wp:attachment":[{"href":"https:\/\/contraloriaestadoamazonas.gob.ve\/amz\/wp-json\/wp\/v2\/media?parent=275"}],"wp:term":[{"taxonomy":"category","embeddable":true,"href":"https:\/\/contraloriaestadoamazonas.gob.ve\/amz\/wp-json\/wp\/v2\/categories?post=275"},{"taxonomy":"post_tag","embeddable":true,"href":"https:\/\/contraloriaestadoamazonas.gob.ve\/amz\/wp-json\/wp\/v2\/tags?post=275"}],"curies":[{"name":"wp","href":"https:\/\/api.w.org\/{rel}","templated":true}]}}