{"id":3152,"date":"2014-05-23T09:05:16","date_gmt":"2014-05-23T13:35:16","guid":{"rendered":"http:\/\/www.contraloriaestadoamazonas.gob.ve\/amz\/?p=3152"},"modified":"2014-05-23T14:27:51","modified_gmt":"2014-05-23T18:57:51","slug":"oficina-de-atencion-al-ciudadano-dicto-charla-en-la-comunidad-san-pablo-de-carinagua","status":"publish","type":"post","link":"https:\/\/contraloriaestadoamazonas.gob.ve\/amz\/2014\/05\/oficina-de-atencion-al-ciudadano-dicto-charla-en-la-comunidad-san-pablo-de-carinagua\/","title":{"rendered":"Oficina de Atenci\u00f3n al Ciudadano dict\u00f3 charla en la comunidad San Pablo de Carinagua"},"content":{"rendered":"<p style=\"text-align: justify;\">La Oficina de Atenci\u00f3n al Ciudadano de la Contralor\u00eda del estado Amazonas, siguiendo con su objetivo de promover la participaci\u00f3n ciudadana y fortalecer la contralor\u00eda social en los sectores organizados y comunidades ind\u00edgenas de la regi\u00f3n, dict\u00f3 una charla informativa al consejo comunal de San Pablo de Carinagua, en el municipio Atures, estado Amazonas. La actividad se llev\u00f3 a cabo el d\u00eda 15 de mayo del a\u00f1o en curso, en horas de la tarde, contando con la participaci\u00f3n de 15 voceros y voceras del consejo comunal de dicha comunidad, los funcionarios adscritos a la OAC del ente de control fiscal Irbin Ortega y Jhonny Barrios, abordaron en la charla dos temas fundamentales: Participaci\u00f3n ciudadana y contralor\u00eda social en la Constituci\u00f3n de la Rep\u00fablica Bolivariana de Venezuela y Ley Org\u00e1nica de los Consejos Comunales; La denuncia y su tramitaci\u00f3n, asimismo se aclararon dudas en cuanto a los tramites que se deben realizar para la declaraci\u00f3n jurada de patrimonio.<\/p>\n<p style=\"text-align: justify;\">Antes de finalizar se distribuyeron folletos informativos sobre los diferentes talleres y charlas que la Contralor\u00eda del estado Amazonas, a trav\u00e9s de la Oficina de Atenci\u00f3n al Ciudadano, tiene disponibles para la comunidad en general, cerrando la visita con el agradecimiento expreso de los voceros y voceras del Consejo Comunal por la asesor\u00eda y asistencia brindada por la Contralor\u00eda a la comunidad de San Pablo de Carinagua.<\/p>\n<p style=\"text-align: justify;\"><a href=\"http:\/\/www.contraloriaestadoamazonas.gob.ve\/amz\/wp-content\/uploads\/2014\/05\/DSC03862-Copiar2.jpg\"><img loading=\"lazy\" decoding=\"async\" class=\"aligncenter size-full wp-image-3159\" alt=\"SONY DSC\" src=\"http:\/\/www.contraloriaestadoamazonas.gob.ve\/amz\/wp-content\/uploads\/2014\/05\/DSC03862-Copiar2.jpg\" width=\"651\" height=\"468\" srcset=\"https:\/\/contraloriaestadoamazonas.gob.ve\/amz\/wp-content\/uploads\/2014\/05\/DSC03862-Copiar2.jpg 651w, https:\/\/contraloriaestadoamazonas.gob.ve\/amz\/wp-content\/uploads\/2014\/05\/DSC03862-Copiar2-300x215.jpg 300w\" sizes=\"auto, (max-width: 651px) 100vw, 651px\" \/><\/a><\/p>\n","protected":false},"excerpt":{"rendered":"<p>La Oficina de Atenci\u00f3n al Ciudadano de la Contralor\u00eda del estado Amazonas, siguiendo con su objetivo de promover la participaci\u00f3n ciudadana y fortalecer la contralor\u00eda social en los sectores organizados y comunidades ind\u00edgenas de la regi\u00f3n, dict\u00f3 una charla informativa &hellip; <a class=\"more-link\" href=\"https:\/\/contraloriaestadoamazonas.gob.ve\/amz\/2014\/05\/oficina-de-atencion-al-ciudadano-dicto-charla-en-la-comunidad-san-pablo-de-carinagua\/\">Sigue leyendo <span class=\"meta-nav\">&rarr;<\/span><\/a><\/p>\n","protected":false},"author":2,"featured_media":0,"comment_status":"closed","ping_status":"closed","sticky":false,"template":"","format":"gallery","meta":{"footnotes":""},"categories":[55],"tags":[],"class_list":["post-3152","post","type-post","status-publish","format-gallery","hentry","category-noticias-cea","post_format-post-format-gallery"],"_links":{"self":[{"href":"https:\/\/contraloriaestadoamazonas.gob.ve\/amz\/wp-json\/wp\/v2\/posts\/3152","targetHints":{"allow":["GET"]}}],"collection":[{"href":"https:\/\/contraloriaestadoamazonas.gob.ve\/amz\/wp-json\/wp\/v2\/posts"}],"about":[{"href":"https:\/\/contraloriaestadoamazonas.gob.ve\/amz\/wp-json\/wp\/v2\/types\/post"}],"author":[{"embeddable":true,"href":"https:\/\/contraloriaestadoamazonas.gob.ve\/amz\/wp-json\/wp\/v2\/users\/2"}],"replies":[{"embeddable":true,"href":"https:\/\/contraloriaestadoamazonas.gob.ve\/amz\/wp-json\/wp\/v2\/comments?post=3152"}],"version-history":[{"count":6,"href":"https:\/\/contraloriaestadoamazonas.gob.ve\/amz\/wp-json\/wp\/v2\/posts\/3152\/revisions"}],"predecessor-version":[{"id":3161,"href":"https:\/\/contraloriaestadoamazonas.gob.ve\/amz\/wp-json\/wp\/v2\/posts\/3152\/revisions\/3161"}],"wp:attachment":[{"href":"https:\/\/contraloriaestadoamazonas.gob.ve\/amz\/wp-json\/wp\/v2\/media?parent=3152"}],"wp:term":[{"taxonomy":"category","embeddable":true,"href":"https:\/\/contraloriaestadoamazonas.gob.ve\/amz\/wp-json\/wp\/v2\/categories?post=3152"},{"taxonomy":"post_tag","embeddable":true,"href":"https:\/\/contraloriaestadoamazonas.gob.ve\/amz\/wp-json\/wp\/v2\/tags?post=3152"}],"curies":[{"name":"wp","href":"https:\/\/api.w.org\/{rel}","templated":true}]}}