{"id":3261,"date":"2014-06-20T11:23:46","date_gmt":"2014-06-20T15:53:46","guid":{"rendered":"http:\/\/www.contraloriaestadoamazonas.gob.ve\/amz\/?p=3261"},"modified":"2014-06-20T11:29:09","modified_gmt":"2014-06-20T15:59:09","slug":"funcionarios-del-safonacc-reciben-orientaciones-para-mejorar-atencion-del-poder-popular","status":"publish","type":"post","link":"https:\/\/contraloriaestadoamazonas.gob.ve\/amz\/2014\/06\/funcionarios-del-safonacc-reciben-orientaciones-para-mejorar-atencion-del-poder-popular\/","title":{"rendered":"Funcionarios del Safonacc reciben orientaciones para mejorar atenci\u00f3n del Poder Popular"},"content":{"rendered":"<p style=\"text-align: right;\"><a href=\"http:\/\/www.contraloriaestadoamazonas.gob.ve\/amz\/wp-content\/uploads\/2014\/06\/19-06-2014-SAFONAC-1a1.jpg\"><img loading=\"lazy\" decoding=\"async\" class=\"aligncenter size-medium wp-image-3267\" alt=\"19-06-2014 SAFONAC-1a\" src=\"http:\/\/www.contraloriaestadoamazonas.gob.ve\/amz\/wp-content\/uploads\/2014\/06\/19-06-2014-SAFONAC-1a1-300x132.jpg\" width=\"327\" height=\"185\" \/><\/a><\/p>\n<p><strong>Funcionarios del Safonacc reciben orientaciones para mejorar atenci\u00f3n del Poder Popular.<\/strong><\/p>\n<ul>\n<li><span style=\"color: #000000;\">La capacitaci\u00f3n permitir\u00e1 impulsar la soluci\u00f3n oportuna de las necesidades que tienen las organizaciones comunitarias del pa\u00eds<\/span><\/li>\n<\/ul>\n<p style=\"text-align: justify;\"><span style=\"color: #000000;\">La Contralor\u00eda General de la Rep\u00fablica, en atenci\u00f3n a la obligatoriedad que tienen todos los \u00f3rganos y entes p\u00fablicos de garantizar espacios para la tramitaci\u00f3n de los requerimientos de la poblaci\u00f3n, dict\u00f3 el taller <i>Creaci\u00f3n y funcionamiento de las Oficinas de Atenci\u00f3n al Ciudadano<\/i> a los coordinadores estadales del Servicio Aut\u00f3nomo Fondo Nacional de los Consejos Comunales (Safonacc), ente adscrito al Ministerio del Poder Popular para la Comunas y Movimientos Sociales, a fin de brindarles orientaciones legales, te\u00f3ricas y metodol\u00f3gicas vinculadas con el funcionamiento eficaz de estas dependencias.<\/span><\/p>\n<p style=\"text-align: justify;\"><span style=\"color: #000000;\">La actividad organizada por el Instituto de Altos Estudios de la CGR, Cofae, estuvo enfocada en establecer lineamientos en cuanto a los procedimientos que se deben seguir para dar respuestas oportunas a las necesidades de las organizaciones de base del Poder Popular, cuyos integrantes acuden al Safonacc para plantear peticiones, sugerencias o reclamos vinculados con la elaboraci\u00f3n y financiamiento de proyectos sociales.<\/span><\/p>\n<p style=\"text-align: justify;\"><span style=\"color: #000000;\">Los coordinadores estadales del Safonacc manifestaron su satisfacci\u00f3n por la realizaci\u00f3n de este taller que les ayuda a mejorar su vinculaci\u00f3n con los consejos comunales y aprender a canalizar correctamente sus inquietudes.<\/span><\/p>\n<p style=\"text-align: justify;\"><span style=\"color: #000000;\">As\u00ed mismo, aseguraron que es indispensable motivar la participaci\u00f3n de los voceros de las organizaciones sociales, ya que si la gente no reconoce el poder que les confiere la Ley para la formulaci\u00f3n y control de las pol\u00edticas p\u00fablicas, dif\u00edcilmente se podr\u00e1 lograr la transferencia de competencias que estipula el Estado venezolano.<\/span><\/p>\n<p style=\"text-align: justify;\"><span style=\"color: #000000;\">Por otra parte, los participantes indicaron que los conocimientos impartidos les permiten identificar fortalezas y debilidades relacionadas con la atenci\u00f3n de la cuidadan\u00eda, al igual que crecer como funcionarios p\u00fablicos comprometidos en incentivar la gesti\u00f3n transparente de los recursos de la Naci\u00f3n.<\/span><\/p>\n<p>&nbsp;<\/p>\n","protected":false},"excerpt":{"rendered":"<p>Funcionarios del Safonacc reciben orientaciones para mejorar atenci\u00f3n del Poder Popular. La capacitaci\u00f3n permitir\u00e1 impulsar la soluci\u00f3n oportuna de las necesidades que tienen las organizaciones comunitarias del pa\u00eds La Contralor\u00eda General de la Rep\u00fablica, en atenci\u00f3n a la obligatoriedad que &hellip; <a class=\"more-link\" href=\"https:\/\/contraloriaestadoamazonas.gob.ve\/amz\/2014\/06\/funcionarios-del-safonacc-reciben-orientaciones-para-mejorar-atencion-del-poder-popular\/\">Sigue leyendo <span class=\"meta-nav\">&rarr;<\/span><\/a><\/p>\n","protected":false},"author":8,"featured_media":0,"comment_status":"closed","ping_status":"closed","sticky":false,"template":"","format":"standard","meta":{"footnotes":""},"categories":[54],"tags":[],"class_list":["post-3261","post","type-post","status-publish","format-standard","hentry","category-noticias-cgr"],"_links":{"self":[{"href":"https:\/\/contraloriaestadoamazonas.gob.ve\/amz\/wp-json\/wp\/v2\/posts\/3261","targetHints":{"allow":["GET"]}}],"collection":[{"href":"https:\/\/contraloriaestadoamazonas.gob.ve\/amz\/wp-json\/wp\/v2\/posts"}],"about":[{"href":"https:\/\/contraloriaestadoamazonas.gob.ve\/amz\/wp-json\/wp\/v2\/types\/post"}],"author":[{"embeddable":true,"href":"https:\/\/contraloriaestadoamazonas.gob.ve\/amz\/wp-json\/wp\/v2\/users\/8"}],"replies":[{"embeddable":true,"href":"https:\/\/contraloriaestadoamazonas.gob.ve\/amz\/wp-json\/wp\/v2\/comments?post=3261"}],"version-history":[{"count":9,"href":"https:\/\/contraloriaestadoamazonas.gob.ve\/amz\/wp-json\/wp\/v2\/posts\/3261\/revisions"}],"predecessor-version":[{"id":3272,"href":"https:\/\/contraloriaestadoamazonas.gob.ve\/amz\/wp-json\/wp\/v2\/posts\/3261\/revisions\/3272"}],"wp:attachment":[{"href":"https:\/\/contraloriaestadoamazonas.gob.ve\/amz\/wp-json\/wp\/v2\/media?parent=3261"}],"wp:term":[{"taxonomy":"category","embeddable":true,"href":"https:\/\/contraloriaestadoamazonas.gob.ve\/amz\/wp-json\/wp\/v2\/categories?post=3261"},{"taxonomy":"post_tag","embeddable":true,"href":"https:\/\/contraloriaestadoamazonas.gob.ve\/amz\/wp-json\/wp\/v2\/tags?post=3261"}],"curies":[{"name":"wp","href":"https:\/\/api.w.org\/{rel}","templated":true}]}}