{"id":3296,"date":"2014-06-23T12:09:16","date_gmt":"2014-06-23T16:39:16","guid":{"rendered":"http:\/\/www.contraloriaestadoamazonas.gob.ve\/amz\/?p=3296"},"modified":"2014-06-23T12:09:16","modified_gmt":"2014-06-23T16:39:16","slug":"cgr-refuerza-politica-comunicacional-del-sistema-nacional-de-control-fiscal","status":"publish","type":"post","link":"https:\/\/contraloriaestadoamazonas.gob.ve\/amz\/2014\/06\/cgr-refuerza-politica-comunicacional-del-sistema-nacional-de-control-fiscal\/","title":{"rendered":"CGR refuerza pol\u00edtica comunicacional del Sistema Nacional de Control Fiscal"},"content":{"rendered":"<p style=\"text-align: justify;\">\n<p style=\"text-align: justify;\"><a href=\"http:\/\/www.contraloriaestadoamazonas.gob.ve\/amz\/wp-content\/uploads\/2014\/06\/20-06-2014-Reuni\u00f3n-1b1.jpg\"><img loading=\"lazy\" decoding=\"async\" class=\"aligncenter size-medium wp-image-3297\" alt=\"20-06-2014 Reuni\u00f3n-1b1\" src=\"http:\/\/www.contraloriaestadoamazonas.gob.ve\/amz\/wp-content\/uploads\/2014\/06\/20-06-2014-Reuni\u00f3n-1b1-300x96.jpg\" width=\"300\" height=\"96\" srcset=\"https:\/\/contraloriaestadoamazonas.gob.ve\/amz\/wp-content\/uploads\/2014\/06\/20-06-2014-Reuni\u00f3n-1b1-300x96.jpg 300w, https:\/\/contraloriaestadoamazonas.gob.ve\/amz\/wp-content\/uploads\/2014\/06\/20-06-2014-Reuni\u00f3n-1b1.jpg 900w\" sizes=\"auto, (max-width: 300px) 100vw, 300px\" \/><\/a><a href=\"http:\/\/www.contraloriaestadoamazonas.gob.ve\/amz\/wp-content\/uploads\/2014\/06\/20-06-2014-Reuni\u00f3n-1c1.jpg\"><img loading=\"lazy\" decoding=\"async\" class=\"aligncenter size-medium wp-image-3298\" alt=\"20-06-2014 Reuni\u00f3n-1c1\" src=\"http:\/\/www.contraloriaestadoamazonas.gob.ve\/amz\/wp-content\/uploads\/2014\/06\/20-06-2014-Reuni\u00f3n-1c1-204x300.jpg\" width=\"204\" height=\"300\" srcset=\"https:\/\/contraloriaestadoamazonas.gob.ve\/amz\/wp-content\/uploads\/2014\/06\/20-06-2014-Reuni\u00f3n-1c1-204x300.jpg 204w, https:\/\/contraloriaestadoamazonas.gob.ve\/amz\/wp-content\/uploads\/2014\/06\/20-06-2014-Reuni\u00f3n-1c1-697x1024.jpg 697w, https:\/\/contraloriaestadoamazonas.gob.ve\/amz\/wp-content\/uploads\/2014\/06\/20-06-2014-Reuni\u00f3n-1c1.jpg 900w\" sizes=\"auto, (max-width: 204px) 100vw, 204px\" \/><\/a><\/p>\n<p style=\"text-align: justify;\"><strong><span style=\"color: #000000;\">Reuni\u00f3n de trabajo con enlaces de comunicaci\u00f3n estadales<\/span><\/strong><\/p>\n<p style=\"text-align: justify;\"><strong><span style=\"color: #000000;\">CGR refuerza pol\u00edtica comunicacional del Sistema Nacional de Control Fiscal<\/span><\/strong><\/p>\n<ul style=\"text-align: justify;\">\n<li><span style=\"color: #000000;\">El encuentro sirvi\u00f3 para detallar consideraciones generales sobre planificaci\u00f3n y seguimiento de estrategias, manejo de herramientas y redes sociales, elaboraci\u00f3n de plan de medios y difusi\u00f3n de productos comunicacionales impresos y audiovisuales<\/span><\/li>\n<\/ul>\n<p style=\"text-align: justify;\"><span style=\"color: #000000;\">La Contralor\u00eda General de la Rep\u00fablica llev\u00f3 a cabo el pasado viernes una reuni\u00f3n de trabajo con funcionarios enlace de comunicaci\u00f3n de las contralor\u00edas estadales con el fin de establecer espacios de acercamiento, intercambio de opiniones y planificaci\u00f3n y seguimiento de estrategias en la materia como aporte al fortalecimiento del Sistema Nacional de Control Fiscal.<\/span><\/p>\n<p style=\"text-align: justify;\"><span style=\"color: #000000;\">La Contralora General, Adelina Gonz\u00e1lez, dio la bienvenida a los servidores p\u00fablicos y manifest\u00f3 que el organismo ha tenido una evoluci\u00f3n comunicacional muy marcada. \u201cHemos creado una cultura informativa institucional, sin escandalizar, conforme a los criterios jur\u00eddicos y t\u00e9cnicos de la gesti\u00f3n fiscalizadora\u201d, afirm\u00f3.<\/span><\/p>\n<p style=\"text-align: justify;\"><span style=\"color: #000000;\">En esta oportunidad se detallaron procedimientos para la planificaci\u00f3n y seguimiento de estrategias, asistencia a las m\u00e1ximas autoridades de los organismos, manejo de herramientas y redes sociales, elaboraci\u00f3n de plan de medios y difusi\u00f3n de productos comunicacionales. Igualmente, se dict\u00f3 el programa b\u00e1sico de orientaci\u00f3n audiovisual con el fin de brindar los conocimientos necesarios para la realizaci\u00f3n exitosa de videos, fotograf\u00edas y material para difundir en televisi\u00f3n, radio e internet.<\/span><\/p>\n<p style=\"text-align: justify;\"><span style=\"color: #000000;\">Los participantes expresaron su agrado por la celebraci\u00f3n de esta reuni\u00f3n. Mar\u00eda Luisa Pino, directora de Comunicaci\u00f3n Corporativa y Secretar\u00eda de la Contralor\u00eda del estado Bolivariano de Miranda, destac\u00f3 la importancia de los lineamientos impartidos para apoyar la gesti\u00f3n de control. Asimismo, Mar\u00eda Godoy, jefa de la Unidad de Comunicaci\u00f3n Corporativa, Secretar\u00eda y Protocolo de la Contralor\u00eda del estado Trujillo, calific\u00f3 como productivo este espacio que permiti\u00f3 disipar dudas y proyectar los nuevos est\u00e1ndares a alcanzar para continuar la difusi\u00f3n de la labor contralora.<\/span><\/p>\n<p style=\"text-align: justify;\"><span style=\"color: #000000;\">La Contralor\u00eda General de la Rep\u00fablica prev\u00e9 replicar este tipo de encuentros que permiten una mayor articulaci\u00f3n de los distintos organismos contralores, una mejor visi\u00f3n sobre la pol\u00edtica comunicacional establecida para el Sistema Nacional de Control Fiscal y adem\u00e1s poner a disposici\u00f3n del ciudadano la informaci\u00f3n que se genera desde el \u00e1mbito del control fiscal.<\/span><\/p>\n","protected":false},"excerpt":{"rendered":"<p>Reuni\u00f3n de trabajo con enlaces de comunicaci\u00f3n estadales CGR refuerza pol\u00edtica comunicacional del Sistema Nacional de Control Fiscal El encuentro sirvi\u00f3 para detallar consideraciones generales sobre planificaci\u00f3n y seguimiento de estrategias, manejo de herramientas y redes sociales, elaboraci\u00f3n de plan &hellip; <a class=\"more-link\" href=\"https:\/\/contraloriaestadoamazonas.gob.ve\/amz\/2014\/06\/cgr-refuerza-politica-comunicacional-del-sistema-nacional-de-control-fiscal\/\">Sigue leyendo <span class=\"meta-nav\">&rarr;<\/span><\/a><\/p>\n","protected":false},"author":8,"featured_media":0,"comment_status":"closed","ping_status":"closed","sticky":false,"template":"","format":"standard","meta":{"footnotes":""},"categories":[54],"tags":[],"class_list":["post-3296","post","type-post","status-publish","format-standard","hentry","category-noticias-cgr"],"_links":{"self":[{"href":"https:\/\/contraloriaestadoamazonas.gob.ve\/amz\/wp-json\/wp\/v2\/posts\/3296","targetHints":{"allow":["GET"]}}],"collection":[{"href":"https:\/\/contraloriaestadoamazonas.gob.ve\/amz\/wp-json\/wp\/v2\/posts"}],"about":[{"href":"https:\/\/contraloriaestadoamazonas.gob.ve\/amz\/wp-json\/wp\/v2\/types\/post"}],"author":[{"embeddable":true,"href":"https:\/\/contraloriaestadoamazonas.gob.ve\/amz\/wp-json\/wp\/v2\/users\/8"}],"replies":[{"embeddable":true,"href":"https:\/\/contraloriaestadoamazonas.gob.ve\/amz\/wp-json\/wp\/v2\/comments?post=3296"}],"version-history":[{"count":3,"href":"https:\/\/contraloriaestadoamazonas.gob.ve\/amz\/wp-json\/wp\/v2\/posts\/3296\/revisions"}],"predecessor-version":[{"id":3301,"href":"https:\/\/contraloriaestadoamazonas.gob.ve\/amz\/wp-json\/wp\/v2\/posts\/3296\/revisions\/3301"}],"wp:attachment":[{"href":"https:\/\/contraloriaestadoamazonas.gob.ve\/amz\/wp-json\/wp\/v2\/media?parent=3296"}],"wp:term":[{"taxonomy":"category","embeddable":true,"href":"https:\/\/contraloriaestadoamazonas.gob.ve\/amz\/wp-json\/wp\/v2\/categories?post=3296"},{"taxonomy":"post_tag","embeddable":true,"href":"https:\/\/contraloriaestadoamazonas.gob.ve\/amz\/wp-json\/wp\/v2\/tags?post=3296"}],"curies":[{"name":"wp","href":"https:\/\/api.w.org\/{rel}","templated":true}]}}