{"id":3319,"date":"2014-06-26T13:32:29","date_gmt":"2014-06-26T18:02:29","guid":{"rendered":"http:\/\/www.contraloriaestadoamazonas.gob.ve\/amz\/?p=3319"},"modified":"2014-06-26T13:35:47","modified_gmt":"2014-06-26T18:05:47","slug":"la-rendicion-de-cuenta-es-un-acto-fundamental-en-materia-de-politicas-de-salud","status":"publish","type":"post","link":"https:\/\/contraloriaestadoamazonas.gob.ve\/amz\/2014\/06\/la-rendicion-de-cuenta-es-un-acto-fundamental-en-materia-de-politicas-de-salud\/","title":{"rendered":"\u201cLa rendici\u00f3n de cuenta es un acto fundamental en materia de pol\u00edticas de salud\u201d"},"content":{"rendered":"<p><a href=\"http:\/\/www.contraloriaestadoamazonas.gob.ve\/amz\/wp-content\/uploads\/2014\/06\/26-06-2014Conferencia-1a.jpg\"><img loading=\"lazy\" decoding=\"async\" class=\"aligncenter size-medium wp-image-3320\" alt=\"26-06-2014Conferencia-1a\" src=\"http:\/\/www.contraloriaestadoamazonas.gob.ve\/amz\/wp-content\/uploads\/2014\/06\/26-06-2014Conferencia-1a-300x228.jpg\" width=\"300\" height=\"218\" \/><\/a> <a href=\"http:\/\/www.contraloriaestadoamazonas.gob.ve\/amz\/wp-content\/uploads\/2014\/06\/26-06-2014-Conferencia-1b.jpg\"><img loading=\"lazy\" decoding=\"async\" class=\"aligncenter size-medium wp-image-3321\" alt=\"26-06-2014 Conferencia-1b\" src=\"http:\/\/www.contraloriaestadoamazonas.gob.ve\/amz\/wp-content\/uploads\/2014\/06\/26-06-2014-Conferencia-1b-300x118.jpg\" width=\"300\" height=\"128\" \/><\/a><\/p>\n<p><strong>Francisco Armada:<\/strong><\/p>\n<p><strong>\u201cLa rendici\u00f3n de cuenta es un acto fundamental en materia de pol\u00edticas de salud\u201d\u00a0<\/strong><\/p>\n<ul>\n<li style=\"text-align: justify;\"><span style=\"color: #000000;\">Durante una conferencia dictada por la Contralor\u00eda General de la Rep\u00fablica, el ministro del Poder Popular para la Salud, Francisco Armada, asegur\u00f3 que est\u00e1n trabajando en alianza con el m\u00e1ximo \u00f3rgano de control del pa\u00eds para fortalecer los procedimientos asociados a la rendici\u00f3n de cuenta<\/span><\/li>\n<\/ul>\n<p style=\"text-align: justify;\"><span style=\"color: #000000;\">\u00a0\u00a0 En compa\u00f1\u00eda del ministro del Poder Popular para la Salud, Francisco Armada, directores y coordinadores regionales del sector asistieron hoy jueves a la conferencia <i>El principio de transparencia y de rendici\u00f3n de cuenta en el marco del control social<\/i>, actividad acad\u00e9mica organizada por la Contralor\u00eda General de la Rep\u00fablica a trav\u00e9s de su Instituto de Altos Estudios, Cofae, en aras de proporcionar herramientas vinculadas con los procesos de rendici\u00f3n de cuenta de los recursos financieros otorgados.<\/span><\/p>\n<p style=\"text-align: justify;\"><span style=\"color: #000000;\">\u00a0\u00a0 La instalaci\u00f3n del evento estuvo a cargo de la Contralora General, Adelina Gonz\u00e1lez, quien celebr\u00f3 que esta iniciativa se lleve a cabo por primera vez con el sector salud, ya que desde all\u00ed se presta un servicio p\u00fablico transcendental para la poblaci\u00f3n que por lo tanto, demanda mayor sensibilidad y transparencia en la gesti\u00f3n. \u201cAhora hay otra visi\u00f3n de la rendici\u00f3n de cuenta y es hacia esa ciudadan\u00eda que tiene todo el derecho de saber en qu\u00e9 se est\u00e1n invirtiendo los recursos del pa\u00eds. Eso no debe ser un secreto de Estado\u201d, asever\u00f3. \u00a0<\/span><\/p>\n<p style=\"text-align: justify;\"><span style=\"color: #000000;\">\u00a0\u00a0 Por su parte, el ministro Armada se\u00f1al\u00f3 que este ciclo de conferencias permite que los participantes asuman la rendici\u00f3n de cuenta como un principio para apoyar el fortalecimiento e incorporaci\u00f3n del Poder Popular en el \u00e1rea de la salud. \u201cConsideramos la rendici\u00f3n de cuenta como un acto fundamental en materia de pol\u00edticas de salud. Esto va a permitir involucrar al ciudadano en el conocimiento del uso que le damos a los recursos, e intercambiar ideas sobre el impacto que tenemos en la mejora real de las condiciones de todo el pueblo venezolano\u201d, resalt\u00f3.<\/span><\/p>\n<p style=\"text-align: justify;\"><span style=\"color: #000000;\">\u00a0\u00a0 Armada tambi\u00e9n destac\u00f3 que esta capacitaci\u00f3n optimizar\u00e1 los mecanismos de participaci\u00f3n de la comunidad que mantiene el ministerio, como son las asambleas mensuales que se ejecutan en las \u00e1reas de salud integral comunitaria, los Colectivos de Direcci\u00f3n Hospitalaria y el Gobierno de Calle Hospitalario.<\/span><\/p>\n","protected":false},"excerpt":{"rendered":"<p>Francisco Armada: \u201cLa rendici\u00f3n de cuenta es un acto fundamental en materia de pol\u00edticas de salud\u201d\u00a0 Durante una conferencia dictada por la Contralor\u00eda General de la Rep\u00fablica, el ministro del Poder Popular para la Salud, Francisco Armada, asegur\u00f3 que est\u00e1n &hellip; <a class=\"more-link\" href=\"https:\/\/contraloriaestadoamazonas.gob.ve\/amz\/2014\/06\/la-rendicion-de-cuenta-es-un-acto-fundamental-en-materia-de-politicas-de-salud\/\">Sigue leyendo <span class=\"meta-nav\">&rarr;<\/span><\/a><\/p>\n","protected":false},"author":8,"featured_media":0,"comment_status":"closed","ping_status":"closed","sticky":false,"template":"","format":"standard","meta":{"footnotes":""},"categories":[54],"tags":[],"class_list":["post-3319","post","type-post","status-publish","format-standard","hentry","category-noticias-cgr"],"_links":{"self":[{"href":"https:\/\/contraloriaestadoamazonas.gob.ve\/amz\/wp-json\/wp\/v2\/posts\/3319","targetHints":{"allow":["GET"]}}],"collection":[{"href":"https:\/\/contraloriaestadoamazonas.gob.ve\/amz\/wp-json\/wp\/v2\/posts"}],"about":[{"href":"https:\/\/contraloriaestadoamazonas.gob.ve\/amz\/wp-json\/wp\/v2\/types\/post"}],"author":[{"embeddable":true,"href":"https:\/\/contraloriaestadoamazonas.gob.ve\/amz\/wp-json\/wp\/v2\/users\/8"}],"replies":[{"embeddable":true,"href":"https:\/\/contraloriaestadoamazonas.gob.ve\/amz\/wp-json\/wp\/v2\/comments?post=3319"}],"version-history":[{"count":4,"href":"https:\/\/contraloriaestadoamazonas.gob.ve\/amz\/wp-json\/wp\/v2\/posts\/3319\/revisions"}],"predecessor-version":[{"id":3325,"href":"https:\/\/contraloriaestadoamazonas.gob.ve\/amz\/wp-json\/wp\/v2\/posts\/3319\/revisions\/3325"}],"wp:attachment":[{"href":"https:\/\/contraloriaestadoamazonas.gob.ve\/amz\/wp-json\/wp\/v2\/media?parent=3319"}],"wp:term":[{"taxonomy":"category","embeddable":true,"href":"https:\/\/contraloriaestadoamazonas.gob.ve\/amz\/wp-json\/wp\/v2\/categories?post=3319"},{"taxonomy":"post_tag","embeddable":true,"href":"https:\/\/contraloriaestadoamazonas.gob.ve\/amz\/wp-json\/wp\/v2\/tags?post=3319"}],"curies":[{"name":"wp","href":"https:\/\/api.w.org\/{rel}","templated":true}]}}