{"id":3326,"date":"2014-06-27T12:04:53","date_gmt":"2014-06-27T16:34:53","guid":{"rendered":"http:\/\/www.contraloriaestadoamazonas.gob.ve\/amz\/?p=3326"},"modified":"2014-06-27T12:04:53","modified_gmt":"2014-06-27T16:34:53","slug":"funcionarios-de-la-cgr-promueven-la-cultura-e-historia-patria","status":"publish","type":"post","link":"https:\/\/contraloriaestadoamazonas.gob.ve\/amz\/2014\/06\/funcionarios-de-la-cgr-promueven-la-cultura-e-historia-patria\/","title":{"rendered":"Funcionarios de la CGR promueven la cultura e historia patria"},"content":{"rendered":"<p><a href=\"http:\/\/www.contraloriaestadoamazonas.gob.ve\/amz\/wp-content\/uploads\/2014\/06\/26-06-2014-Mausoleo-1e-Web.jpg\"><img loading=\"lazy\" decoding=\"async\" class=\"aligncenter size-medium wp-image-3328\" alt=\"26-06-2014 Mausoleo-1e Web\" src=\"http:\/\/www.contraloriaestadoamazonas.gob.ve\/amz\/wp-content\/uploads\/2014\/06\/26-06-2014-Mausoleo-1e-Web-300x225.jpg\" width=\"300\" height=\"225\" srcset=\"https:\/\/contraloriaestadoamazonas.gob.ve\/amz\/wp-content\/uploads\/2014\/06\/26-06-2014-Mausoleo-1e-Web-300x225.jpg 300w, https:\/\/contraloriaestadoamazonas.gob.ve\/amz\/wp-content\/uploads\/2014\/06\/26-06-2014-Mausoleo-1e-Web.jpg 400w\" sizes=\"auto, (max-width: 300px) 100vw, 300px\" \/><\/a> <a href=\"http:\/\/www.contraloriaestadoamazonas.gob.ve\/amz\/wp-content\/uploads\/2014\/06\/26-06-2014-Mausoleo-1b-Web.jpg\"><img loading=\"lazy\" decoding=\"async\" class=\"aligncenter size-medium wp-image-3329\" alt=\"26-06-2014 Mausoleo-1b Web\" src=\"http:\/\/www.contraloriaestadoamazonas.gob.ve\/amz\/wp-content\/uploads\/2014\/06\/26-06-2014-Mausoleo-1b-Web-300x225.jpg\" width=\"300\" height=\"225\" srcset=\"https:\/\/contraloriaestadoamazonas.gob.ve\/amz\/wp-content\/uploads\/2014\/06\/26-06-2014-Mausoleo-1b-Web-300x225.jpg 300w, https:\/\/contraloriaestadoamazonas.gob.ve\/amz\/wp-content\/uploads\/2014\/06\/26-06-2014-Mausoleo-1b-Web.jpg 400w\" sizes=\"auto, (max-width: 300px) 100vw, 300px\" \/><\/a><\/p>\n<p><span style=\"color: #000000;\"><strong>Visita guiada al Complejo Monumental Libertador<\/strong><\/span><\/p>\n<p><span style=\"color: #000000;\"><strong>Funcionarios de la CGR promueven la cultura e historia patria<\/strong><\/span><\/p>\n<p style=\"text-align: justify;\"><span style=\"color: #000000;\">\u00a0\u00a0 M\u00e1s de 100 funcionarios de la Contralor\u00eda General de la Rep\u00fablica asistieron este jueves a una visita guiada al Complejo Monumental Libertador como parte de las actividades de integraci\u00f3n y promoci\u00f3n de la cultura que realiza la Instituci\u00f3n en aras del fortalecimiento de sus principios de identidad patriota.<\/span><\/p>\n<p style=\"text-align: justify;\"><span style=\"color: #000000;\">\u00a0\u00a0\u00a0 En compa\u00f1\u00eda de los directores generales y sectoriales de la Instituci\u00f3n, el Subcontralor (E), Armando Gu\u00e9dez, calific\u00f3 el lugar como el m\u00e1s id\u00f3neo para renovar el compromiso con la \u00e9tica y la moral.<\/span><\/p>\n<p style=\"text-align: justify;\"><span style=\"color: #000000;\">\u00a0\u00a0\u00a0 \u201cVisitar estos espacios resulta sumamente importante porque nos permite reencontrarnos con el legado de nuestro Libertador, el hombre que no solo enalteci\u00f3 la probidad como uno de los valores fundamentales para el ejercicio de la funci\u00f3n p\u00fablica, sino que en alg\u00fan momento dijo que el mayor t\u00edtulo que pod\u00eda recibir es el de buen ciudadano, y esa es la gu\u00eda fundamental que debe orientar el desempe\u00f1o de los funcionarios de Estado y el ejercicio de la conducta republicana y del compromiso patri\u00f3tico\u201d, resalt\u00f3 Gu\u00e9dez.<\/span><\/p>\n<p style=\"text-align: justify;\"><span style=\"color: #000000;\">\u00a0\u00a0 El Complejo Monumental Libertador est\u00e1 integrado por el Pante\u00f3n Nacional y el Mausoleo del Libertador Sim\u00f3n Bol\u00edvar. En este lugar reposan los restos de pr\u00f3ceres y figuras ilustres de la historia de Venezuela. Resguarda 143 personalidades que participaron tanto en la Guerra de Independencia y la Guerra Federal, as\u00ed como posteriores \u00e9pocas de la Rep\u00fablica.<\/span><\/p>\n<p style=\"text-align: justify;\">\n","protected":false},"excerpt":{"rendered":"<p>Visita guiada al Complejo Monumental Libertador Funcionarios de la CGR promueven la cultura e historia patria \u00a0\u00a0 M\u00e1s de 100 funcionarios de la Contralor\u00eda General de la Rep\u00fablica asistieron este jueves a una visita guiada al Complejo Monumental Libertador como &hellip; <a class=\"more-link\" href=\"https:\/\/contraloriaestadoamazonas.gob.ve\/amz\/2014\/06\/funcionarios-de-la-cgr-promueven-la-cultura-e-historia-patria\/\">Sigue leyendo <span class=\"meta-nav\">&rarr;<\/span><\/a><\/p>\n","protected":false},"author":8,"featured_media":0,"comment_status":"closed","ping_status":"closed","sticky":false,"template":"","format":"standard","meta":{"footnotes":""},"categories":[1],"tags":[],"class_list":["post-3326","post","type-post","status-publish","format-standard","hentry","category-sin-categoria"],"_links":{"self":[{"href":"https:\/\/contraloriaestadoamazonas.gob.ve\/amz\/wp-json\/wp\/v2\/posts\/3326","targetHints":{"allow":["GET"]}}],"collection":[{"href":"https:\/\/contraloriaestadoamazonas.gob.ve\/amz\/wp-json\/wp\/v2\/posts"}],"about":[{"href":"https:\/\/contraloriaestadoamazonas.gob.ve\/amz\/wp-json\/wp\/v2\/types\/post"}],"author":[{"embeddable":true,"href":"https:\/\/contraloriaestadoamazonas.gob.ve\/amz\/wp-json\/wp\/v2\/users\/8"}],"replies":[{"embeddable":true,"href":"https:\/\/contraloriaestadoamazonas.gob.ve\/amz\/wp-json\/wp\/v2\/comments?post=3326"}],"version-history":[{"count":2,"href":"https:\/\/contraloriaestadoamazonas.gob.ve\/amz\/wp-json\/wp\/v2\/posts\/3326\/revisions"}],"predecessor-version":[{"id":3332,"href":"https:\/\/contraloriaestadoamazonas.gob.ve\/amz\/wp-json\/wp\/v2\/posts\/3326\/revisions\/3332"}],"wp:attachment":[{"href":"https:\/\/contraloriaestadoamazonas.gob.ve\/amz\/wp-json\/wp\/v2\/media?parent=3326"}],"wp:term":[{"taxonomy":"category","embeddable":true,"href":"https:\/\/contraloriaestadoamazonas.gob.ve\/amz\/wp-json\/wp\/v2\/categories?post=3326"},{"taxonomy":"post_tag","embeddable":true,"href":"https:\/\/contraloriaestadoamazonas.gob.ve\/amz\/wp-json\/wp\/v2\/tags?post=3326"}],"curies":[{"name":"wp","href":"https:\/\/api.w.org\/{rel}","templated":true}]}}