{"id":3383,"date":"2014-07-08T10:48:08","date_gmt":"2014-07-08T15:18:08","guid":{"rendered":"http:\/\/www.contraloriaestadoamazonas.gob.ve\/amz\/?p=3383"},"modified":"2014-07-08T10:48:08","modified_gmt":"2014-07-08T15:18:08","slug":"inhabilitados-no-pueden-ejercer-cargos-publicos-por-concurso-contrato-designacion-o-eleccion-popular","status":"publish","type":"post","link":"https:\/\/contraloriaestadoamazonas.gob.ve\/amz\/2014\/07\/inhabilitados-no-pueden-ejercer-cargos-publicos-por-concurso-contrato-designacion-o-eleccion-popular\/","title":{"rendered":"Inhabilitados no pueden ejercer cargos p\u00fablicos por concurso, contrato, designaci\u00f3n o elecci\u00f3n popular"},"content":{"rendered":"<p style=\"text-align: justify;\"><a href=\"http:\/\/www.contraloriaestadoamazonas.gob.ve\/amz\/wp-content\/uploads\/2014\/07\/sedecgr2.jpg\"><img loading=\"lazy\" decoding=\"async\" class=\"aligncenter size-medium wp-image-3384\" alt=\"sedecgr(2)\" src=\"http:\/\/www.contraloriaestadoamazonas.gob.ve\/amz\/wp-content\/uploads\/2014\/07\/sedecgr2-300x174.jpg\" width=\"300\" height=\"174\" srcset=\"https:\/\/contraloriaestadoamazonas.gob.ve\/amz\/wp-content\/uploads\/2014\/07\/sedecgr2-300x174.jpg 300w, https:\/\/contraloriaestadoamazonas.gob.ve\/amz\/wp-content\/uploads\/2014\/07\/sedecgr2.jpg 900w\" sizes=\"auto, (max-width: 300px) 100vw, 300px\" \/><\/a><\/p>\n<p style=\"text-align: justify;\"><span style=\"color: #000000;\">Hasta haber culminado el lapso de la sanci\u00f3n<\/span><\/p>\n<p style=\"text-align: justify;\"><strong><span style=\"color: #000000;\">Inhabilitados no pueden ejercer cargos p\u00fablicos por concurso, contrato, designaci\u00f3n o elecci\u00f3n popular<\/span><\/strong><\/p>\n<p style=\"text-align: justify;\"><span style=\"color: #000000;\">La Ley Org\u00e1nica de la Contralor\u00eda General de la Rep\u00fablica y del Sistema Nacional de Control Fiscal (LOCGRSNCF) consagra la sanci\u00f3n de inhabilitaci\u00f3n para el ejercicio de funciones p\u00fablicas a todo aquel funcionario o particular que haya sido declarado responsable en lo administrativo, cuando la gravedad de la irregularidad y el da\u00f1o que se ha causado al patrimonio p\u00fablico lo amerite.<\/span><\/p>\n<p style=\"text-align: justify;\"><span style=\"color: #000000;\">En su art\u00edculo 105, la LOCGRSNCF establece que las m\u00e1ximas autoridades de los organismos y entidades del sector p\u00fablico de todo el pa\u00eds, antes de proceder a la designaci\u00f3n o a ordenar el contrato de cualquier funcionario o funcionaria, est\u00e1n obligadas a consultar el registro de inhabilitados de la CGR, el cual se encuentra publicado y actualizado en el portal web del m\u00e1ximo organismo contralor. Toda designaci\u00f3n al margen de esta norma ser\u00e1 nula.<\/span><\/p>\n<p style=\"text-align: justify;\"><span style=\"color: #000000;\">Por otra parte, seg\u00fan el art\u00edculo 91 numeral 27 de dicha Ley constituye un generador de responsabilidad administrativa la designaci\u00f3n de funcionarios o funcionarias que hubieren sido declarados inhabilitados o inhabilitadas por la Contralor\u00eda General de la Rep\u00fablica. Es por ello que las m\u00e1ximas autoridades que designen u ordenen la contrataci\u00f3n de personas inhabilitadas por la CGR ser\u00e1n objeto de responsabilidad administrativa.<\/span><\/p>\n<p style=\"text-align: justify;\"><span style=\"color: #000000;\">De igual forma, los jefes del \u00e1rea de recursos humanos tienen especial responsabilidad en la consulta del registro de inhabilitados de la CGR, el cual se encuentra a disposici\u00f3n de la ciudadan\u00eda en el portal web <b>www.cgr.gob.ve,<\/b> secci\u00f3n <i>Sanciones.<\/i><\/span><\/p>\n<p style=\"text-align: justify;\"><span style=\"color: #000000;\">Para la CGR todos los ciudadanos est\u00e1n llamados a sumarse a la lucha contra la corrupci\u00f3n. Venezuela cuenta con uno de los marcos legales m\u00e1s modernos y avanzados en esta materia, a trav\u00e9s del cual se ha habilitado la incorporaci\u00f3n activa y protag\u00f3nica de la ciudadan\u00eda en las labores de control social, dentro y fuera de las instituciones p\u00fablicas, lo que ha coadyuvado a subsanar irregularidades oportunamente y a hacer m\u00e1s transparente la gesti\u00f3n del Estado venezolano.<\/span><\/p>\n","protected":false},"excerpt":{"rendered":"<p>Hasta haber culminado el lapso de la sanci\u00f3n Inhabilitados no pueden ejercer cargos p\u00fablicos por concurso, contrato, designaci\u00f3n o elecci\u00f3n popular La Ley Org\u00e1nica de la Contralor\u00eda General de la Rep\u00fablica y del Sistema Nacional de Control Fiscal (LOCGRSNCF) consagra &hellip; <a class=\"more-link\" href=\"https:\/\/contraloriaestadoamazonas.gob.ve\/amz\/2014\/07\/inhabilitados-no-pueden-ejercer-cargos-publicos-por-concurso-contrato-designacion-o-eleccion-popular\/\">Sigue leyendo <span class=\"meta-nav\">&rarr;<\/span><\/a><\/p>\n","protected":false},"author":8,"featured_media":0,"comment_status":"closed","ping_status":"closed","sticky":false,"template":"","format":"standard","meta":{"footnotes":""},"categories":[54],"tags":[],"class_list":["post-3383","post","type-post","status-publish","format-standard","hentry","category-noticias-cgr"],"_links":{"self":[{"href":"https:\/\/contraloriaestadoamazonas.gob.ve\/amz\/wp-json\/wp\/v2\/posts\/3383","targetHints":{"allow":["GET"]}}],"collection":[{"href":"https:\/\/contraloriaestadoamazonas.gob.ve\/amz\/wp-json\/wp\/v2\/posts"}],"about":[{"href":"https:\/\/contraloriaestadoamazonas.gob.ve\/amz\/wp-json\/wp\/v2\/types\/post"}],"author":[{"embeddable":true,"href":"https:\/\/contraloriaestadoamazonas.gob.ve\/amz\/wp-json\/wp\/v2\/users\/8"}],"replies":[{"embeddable":true,"href":"https:\/\/contraloriaestadoamazonas.gob.ve\/amz\/wp-json\/wp\/v2\/comments?post=3383"}],"version-history":[{"count":3,"href":"https:\/\/contraloriaestadoamazonas.gob.ve\/amz\/wp-json\/wp\/v2\/posts\/3383\/revisions"}],"predecessor-version":[{"id":3387,"href":"https:\/\/contraloriaestadoamazonas.gob.ve\/amz\/wp-json\/wp\/v2\/posts\/3383\/revisions\/3387"}],"wp:attachment":[{"href":"https:\/\/contraloriaestadoamazonas.gob.ve\/amz\/wp-json\/wp\/v2\/media?parent=3383"}],"wp:term":[{"taxonomy":"category","embeddable":true,"href":"https:\/\/contraloriaestadoamazonas.gob.ve\/amz\/wp-json\/wp\/v2\/categories?post=3383"},{"taxonomy":"post_tag","embeddable":true,"href":"https:\/\/contraloriaestadoamazonas.gob.ve\/amz\/wp-json\/wp\/v2\/tags?post=3383"}],"curies":[{"name":"wp","href":"https:\/\/api.w.org\/{rel}","templated":true}]}}