{"id":344,"date":"2011-08-24T15:35:55","date_gmt":"2011-08-24T20:05:55","guid":{"rendered":"http:\/\/www.contraloriaestadoamazonas.gob.ve\/amz\/?p=344"},"modified":"2011-12-07T15:27:40","modified_gmt":"2011-12-07T19:57:40","slug":"contraloria-del-edo-amazonas-rechaza-fotografias-de-la-contralora-general-e-adelina-gonzalez-publicadas-en-el-semanario-sexto-poder","status":"publish","type":"post","link":"https:\/\/contraloriaestadoamazonas.gob.ve\/amz\/2011\/08\/contraloria-del-edo-amazonas-rechaza-fotografias-de-la-contralora-general-e-adelina-gonzalez-publicadas-en-el-semanario-sexto-poder\/","title":{"rendered":"Contralor\u00eda del Edo. Amazonas rechaza fotograf\u00edas de la Contralora General (E) de la Rep\u00fablica Adelina Gonz\u00e1lez publicadas en el Semanario \u00abSexto Poder\u00bb"},"content":{"rendered":"<p style=\"text-align: justify;\">El Contralor del Estado Amazonas Lic. Humberto Rafael G\u00f3mez Far\u00edas, funcionarios, funcionarias y dem\u00e1s trabajadores de la Contralor\u00eda del Estado Amazonas, repudiamos categ\u00f3ricamente\u00a0 la fotograf\u00eda publicada\u00a0 por el semanario 6to poder; divulgada en su m\u00e1s reciente edici\u00f3n; donde se observan en plan de caricatura a las m\u00e1ximas representantes de los poderes p\u00fablicos nacionales como es el caso de Blanca Eekhout (vicepresidenta de la Asamblea), Luisa Estela Morales (presidenta del Tribunal Supremo de Justicia), Gabriela Ram\u00edrez (Defensora del Pueblo), Luisa Ortega D\u00edaz (Fiscal General), Tibisay Lucena (Presidenta del Consejo Nacional Electoral), y la Dra Adelina Gonz\u00e1lez (Contralora General (E) de la Rep\u00fablica), quien es una mujer con una trayectoria de 40 a\u00f1os al servicio de la administraci\u00f3n p\u00fablica y a la patria,\u00a0 someti\u00e9ndolas irresponsablemente al escarnio p\u00fablico, atentando contra su honor y reputaci\u00f3n.<\/p>\n<p style=\"text-align: justify;\">As\u00ed mismo, la difusi\u00f3n de dicha fotograf\u00eda contradice los derechos reconocidos en la Constituci\u00f3n de la Rep\u00fablica Bolivariana de Venezuela, espec\u00edficamente en su art\u00edculo 60, que establece que \u201ctoda persona tiene derecho a la protecci\u00f3n de su honor, vida privada, intimidad, propia imagen, confidencialidad y reputaci\u00f3n. La ley limitar\u00e1 el uso de la inform\u00e1tica para garantizar el honor y la intimidad personal y familiar de los ciudadano (\u2026)\u201d.<\/p>\n<p style=\"text-align: justify;\">En tal sentido se hace un llamado a todos los\u00a0 medios de comunicaci\u00f3n social para que\u00a0 cumplan con sus funciones de educar e informar a la colectividad venezolana de manera digna, a los fines de promover los valores humanos entre los ciudadanos y ciudadanas de este pa\u00eds.<\/p>\n","protected":false},"excerpt":{"rendered":"<p>El Contralor del Estado Amazonas Lic. Humberto Rafael G\u00f3mez Far\u00edas, funcionarios, funcionarias y dem\u00e1s trabajadores de la Contralor\u00eda del Estado Amazonas, repudiamos categ\u00f3ricamente\u00a0 la fotograf\u00eda publicada\u00a0 por el semanario 6to poder; divulgada en su m\u00e1s reciente edici\u00f3n; donde se observan &hellip; <a class=\"more-link\" href=\"https:\/\/contraloriaestadoamazonas.gob.ve\/amz\/2011\/08\/contraloria-del-edo-amazonas-rechaza-fotografias-de-la-contralora-general-e-adelina-gonzalez-publicadas-en-el-semanario-sexto-poder\/\">Sigue leyendo <span class=\"meta-nav\">&rarr;<\/span><\/a><\/p>\n","protected":false},"author":2,"featured_media":0,"comment_status":"closed","ping_status":"closed","sticky":false,"template":"","format":"gallery","meta":{"footnotes":""},"categories":[33],"tags":[],"class_list":["post-344","post","type-post","status-publish","format-gallery","hentry","category-noticias","post_format-post-format-gallery"],"_links":{"self":[{"href":"https:\/\/contraloriaestadoamazonas.gob.ve\/amz\/wp-json\/wp\/v2\/posts\/344","targetHints":{"allow":["GET"]}}],"collection":[{"href":"https:\/\/contraloriaestadoamazonas.gob.ve\/amz\/wp-json\/wp\/v2\/posts"}],"about":[{"href":"https:\/\/contraloriaestadoamazonas.gob.ve\/amz\/wp-json\/wp\/v2\/types\/post"}],"author":[{"embeddable":true,"href":"https:\/\/contraloriaestadoamazonas.gob.ve\/amz\/wp-json\/wp\/v2\/users\/2"}],"replies":[{"embeddable":true,"href":"https:\/\/contraloriaestadoamazonas.gob.ve\/amz\/wp-json\/wp\/v2\/comments?post=344"}],"version-history":[{"count":9,"href":"https:\/\/contraloriaestadoamazonas.gob.ve\/amz\/wp-json\/wp\/v2\/posts\/344\/revisions"}],"predecessor-version":[{"id":721,"href":"https:\/\/contraloriaestadoamazonas.gob.ve\/amz\/wp-json\/wp\/v2\/posts\/344\/revisions\/721"}],"wp:attachment":[{"href":"https:\/\/contraloriaestadoamazonas.gob.ve\/amz\/wp-json\/wp\/v2\/media?parent=344"}],"wp:term":[{"taxonomy":"category","embeddable":true,"href":"https:\/\/contraloriaestadoamazonas.gob.ve\/amz\/wp-json\/wp\/v2\/categories?post=344"},{"taxonomy":"post_tag","embeddable":true,"href":"https:\/\/contraloriaestadoamazonas.gob.ve\/amz\/wp-json\/wp\/v2\/tags?post=344"}],"curies":[{"name":"wp","href":"https:\/\/api.w.org\/{rel}","templated":true}]}}