{"id":3583,"date":"2014-09-02T14:04:36","date_gmt":"2014-09-02T18:34:36","guid":{"rendered":"http:\/\/www.contraloriaestadoamazonas.gob.ve\/amz\/?p=3583"},"modified":"2014-09-02T14:04:36","modified_gmt":"2014-09-02T18:34:36","slug":"fundamusical-recibe-ejemplares-de-su-coproduccion-discografica-con-la-cgr","status":"publish","type":"post","link":"https:\/\/contraloriaestadoamazonas.gob.ve\/amz\/2014\/09\/fundamusical-recibe-ejemplares-de-su-coproduccion-discografica-con-la-cgr\/","title":{"rendered":"Fundamusical recibe ejemplares de su coproducci\u00f3n discogr\u00e1fica con la CGR"},"content":{"rendered":"<p style=\"text-align: center;\"><a href=\"http:\/\/www.contraloriaestadoamazonas.gob.ve\/amz\/wp-content\/uploads\/2014\/09\/01-09-2014-Entrega-CD-2a.jpg\"><img loading=\"lazy\" decoding=\"async\" class=\"aligncenter size-medium wp-image-3584\" alt=\"01-09-2014 Entrega CD-2a\" src=\"http:\/\/www.contraloriaestadoamazonas.gob.ve\/amz\/wp-content\/uploads\/2014\/09\/01-09-2014-Entrega-CD-2a-300x235.jpg\" width=\"300\" height=\"235\" srcset=\"https:\/\/contraloriaestadoamazonas.gob.ve\/amz\/wp-content\/uploads\/2014\/09\/01-09-2014-Entrega-CD-2a-300x235.jpg 300w, https:\/\/contraloriaestadoamazonas.gob.ve\/amz\/wp-content\/uploads\/2014\/09\/01-09-2014-Entrega-CD-2a.jpg 950w\" sizes=\"auto, (max-width: 300px) 100vw, 300px\" \/><\/a><\/p>\n<p style=\"text-align: justify;\"><span style=\"color: #000000;\">Realizada a prop\u00f3sito del 75\u00b0 aniversario<\/span><\/p>\n<p style=\"text-align: justify;\"><span style=\"color: #000000;\">Fundamusical recibe ejemplares de su coproducci\u00f3n discogr\u00e1fica con la CGR<\/span><\/p>\n<ul style=\"text-align: justify;\">\n<li><span style=\"color: #000000;\">Por tradici\u00f3n el m\u00e1ximo \u00f3rgano de control organiza durante su mes aniversario un concierto de m\u00fasica cl\u00e1sica con el apoyo del Sistema Nacional de Orquestas y Coros Juveniles e Infantiles del pa\u00eds<\/span><\/li>\n<\/ul>\n<p style=\"text-align: justify;\"><span style=\"color: #000000;\">Como parte de su tradicional intercambio institucional, la Contralor\u00eda General de la Rep\u00fablica don\u00f3 este lunes a la Fundaci\u00f3n Musical Sim\u00f3n Bol\u00edvar un total de 2 mil 500 ejemplares de la coproducci\u00f3n discogr\u00e1fica realizada por ambas instituciones a prop\u00f3sito del 75\u00b0 aniversario del organismo contralor.<\/span><\/p>\n<p style=\"text-align: justify;\"><!--more--><span style=\"color: #000000;\">El fundador del Sistema Nacional de Orquestas y Coros Juveniles e Infantiles de Venezuela, Jos\u00e9 Antonio Abreu, recibi\u00f3 de manos de la Contralora General, Adelina Gonz\u00e1lez, el donativo que re\u00fane 17 composiciones musicales de destacados autores, y que fueron interpretadas por la Orquesta Sinf\u00f3nica Juvenil Teresa Carre\u00f1o.<\/span><\/p>\n<p style=\"text-align: justify;\"><span style=\"color: #000000;\">La iniciativa forma parte de las actividades art\u00edsticas que durante toda su historia ha apoyado y promovido el m\u00e1ximo \u00f3rgano de control, en aras de contribuir con la sensibilizaci\u00f3n y formaci\u00f3n de los ciudadanos, y en consecuencia, garantizar la preservaci\u00f3n de los bienes materiales y culturales de la Naci\u00f3n.<\/span><\/p>\n<p style=\"text-align: justify;\"><span style=\"color: #000000;\">\u201cPara nosotros ha sido una pol\u00edtica institucional acompa\u00f1ar al Sistema de Orquestas, y desde el a\u00f1o 2000, cuando llegamos a la CGR, iniciamos los conciertos de gala. Es una forma de expresar que este esfuerzo que hace el Estado venezolano tiene tambi\u00e9n reflejo en la Contralor\u00eda\u201d, asegur\u00f3 Gonz\u00e1lez durante la entrega de los ejemplares.<\/span><\/p>\n<p style=\"text-align: justify;\"><span style=\"color: #000000;\">Por su parte, el maestro Abreu agradeci\u00f3 el aporte e impulso que brinda la instituci\u00f3n a los talentosos j\u00f3venes venezolanos. \u201cLa Contralor\u00eda ha sabido apreciar el esfuerzo de los muchachos mediante este tipo de iniciativas que los estimulan a seguir dando el ejemplo de lo que significa la educaci\u00f3n art\u00edstica, la divulgaci\u00f3n de la m\u00fasica cl\u00e1sica y el trabajo que ennoblece a la sociedad\u201d, a\u00f1adi\u00f3.\u00a0 \u00a0<\/span><\/p>\n","protected":false},"excerpt":{"rendered":"<p>Realizada a prop\u00f3sito del 75\u00b0 aniversario Fundamusical recibe ejemplares de su coproducci\u00f3n discogr\u00e1fica con la CGR Por tradici\u00f3n el m\u00e1ximo \u00f3rgano de control organiza durante su mes aniversario un concierto de m\u00fasica cl\u00e1sica con el apoyo del Sistema Nacional de &hellip; <a class=\"more-link\" href=\"https:\/\/contraloriaestadoamazonas.gob.ve\/amz\/2014\/09\/fundamusical-recibe-ejemplares-de-su-coproduccion-discografica-con-la-cgr\/\">Sigue leyendo <span class=\"meta-nav\">&rarr;<\/span><\/a><\/p>\n","protected":false},"author":8,"featured_media":0,"comment_status":"closed","ping_status":"closed","sticky":false,"template":"","format":"standard","meta":{"footnotes":""},"categories":[54],"tags":[],"class_list":["post-3583","post","type-post","status-publish","format-standard","hentry","category-noticias-cgr"],"_links":{"self":[{"href":"https:\/\/contraloriaestadoamazonas.gob.ve\/amz\/wp-json\/wp\/v2\/posts\/3583","targetHints":{"allow":["GET"]}}],"collection":[{"href":"https:\/\/contraloriaestadoamazonas.gob.ve\/amz\/wp-json\/wp\/v2\/posts"}],"about":[{"href":"https:\/\/contraloriaestadoamazonas.gob.ve\/amz\/wp-json\/wp\/v2\/types\/post"}],"author":[{"embeddable":true,"href":"https:\/\/contraloriaestadoamazonas.gob.ve\/amz\/wp-json\/wp\/v2\/users\/8"}],"replies":[{"embeddable":true,"href":"https:\/\/contraloriaestadoamazonas.gob.ve\/amz\/wp-json\/wp\/v2\/comments?post=3583"}],"version-history":[{"count":2,"href":"https:\/\/contraloriaestadoamazonas.gob.ve\/amz\/wp-json\/wp\/v2\/posts\/3583\/revisions"}],"predecessor-version":[{"id":3586,"href":"https:\/\/contraloriaestadoamazonas.gob.ve\/amz\/wp-json\/wp\/v2\/posts\/3583\/revisions\/3586"}],"wp:attachment":[{"href":"https:\/\/contraloriaestadoamazonas.gob.ve\/amz\/wp-json\/wp\/v2\/media?parent=3583"}],"wp:term":[{"taxonomy":"category","embeddable":true,"href":"https:\/\/contraloriaestadoamazonas.gob.ve\/amz\/wp-json\/wp\/v2\/categories?post=3583"},{"taxonomy":"post_tag","embeddable":true,"href":"https:\/\/contraloriaestadoamazonas.gob.ve\/amz\/wp-json\/wp\/v2\/tags?post=3583"}],"curies":[{"name":"wp","href":"https:\/\/api.w.org\/{rel}","templated":true}]}}