{"id":3623,"date":"2014-09-15T07:36:23","date_gmt":"2014-09-15T12:06:23","guid":{"rendered":"http:\/\/www.contraloriaestadoamazonas.gob.ve\/amz\/?p=3623"},"modified":"2014-09-15T07:39:42","modified_gmt":"2014-09-15T12:09:42","slug":"funcionarios-de-la-cgr-se-preparan-para-jornada-de-sensibilizacion-ambiental","status":"publish","type":"post","link":"https:\/\/contraloriaestadoamazonas.gob.ve\/amz\/2014\/09\/funcionarios-de-la-cgr-se-preparan-para-jornada-de-sensibilizacion-ambiental\/","title":{"rendered":"Funcionarios de la CGR se preparan para jornada de sensibilizaci\u00f3n ambiental"},"content":{"rendered":"<p><a href=\"http:\/\/www.contraloriaestadoamazonas.gob.ve\/amz\/wp-content\/uploads\/2014\/09\/11-09-2014-D\u251c\u00a1a-de-las-Playas11.jpg\"><img loading=\"lazy\" decoding=\"async\" class=\"aligncenter size-medium wp-image-3624\" alt=\"11-09-2014 D\u251c\u00a1a de las Playas1\" src=\"http:\/\/www.contraloriaestadoamazonas.gob.ve\/amz\/wp-content\/uploads\/2014\/09\/11-09-2014-D\u251c\u00a1a-de-las-Playas11-300x159.jpg\" width=\"300\" height=\"159\" srcset=\"https:\/\/contraloriaestadoamazonas.gob.ve\/amz\/wp-content\/uploads\/2014\/09\/11-09-2014-D\u251c\u00a1a-de-las-Playas11-300x159.jpg 300w, https:\/\/contraloriaestadoamazonas.gob.ve\/amz\/wp-content\/uploads\/2014\/09\/11-09-2014-D\u251c\u00a1a-de-las-Playas11.jpg 900w\" sizes=\"auto, (max-width: 300px) 100vw, 300px\" \/><\/a><\/p>\n<p><span style=\"color: #000000;\">A prop\u00f3sito del D\u00eda Mundial de las Playas.<\/span><\/p>\n<p style=\"text-align: justify;\"><span style=\"color: #000000;\">Funcionarios de la CGR se preparan para jornada de sensibilizaci\u00f3n ambiental.<\/span><\/p>\n<ul style=\"text-align: justify;\">\n<li><span style=\"color: #000000;\">El pr\u00f3ximo s\u00e1bado 20 de septiembre se realizar\u00e1 una actividad de recolecci\u00f3n de desechos s\u00f3lidos en el estado Vargas<\/span><\/li>\n<\/ul>\n<p style=\"text-align: justify;\"><span style=\"color: #000000;\">A prop\u00f3sito de la pr\u00f3xima <i>Jornada de Recolecci\u00f3n de Desechos S\u00f3lidos<\/i> en el marco del D\u00eda Mundial de las Playas, los funcionarios de la Contralor\u00eda General de la Rep\u00fablica que participar\u00e1n en la actividad recibieron este jueves una charla informativa dirigida por el profesor de la Universidad Mar\u00edtima del Caribe y coordinador general de proyectos especiales, William Rodr\u00edguez.<\/span><\/p>\n<p style=\"text-align: justify;\"><!--more--><span style=\"color: #000000;\">Esta jornada complementa las pol\u00edticas permanentes de atenci\u00f3n al \u00e1rea ambiental que lleva adelante el m\u00e1ximo \u00f3rgano de control del pa\u00eds, y a los esfuerzos que desde hace a\u00f1os realiza para evitar hechos irregulares que perturben el equilibrio del planeta y para garantizar su sostenibilidad en el tiempo, entre las que destacan actuaciones fiscales especiales y la creaci\u00f3n de conciencia a trav\u00e9s de exposiciones tem\u00e1ticas como <i>Semillas de la Esperanza<\/i>.<\/span><\/p>\n<p style=\"text-align: justify;\"><span style=\"color: #000000;\">El origen y celebraci\u00f3n de este d\u00eda; sus objetivos y las recomendaciones y orientaciones acerca del desarrollo del evento, fueron los principales aspectos abordados por el docente y coordinador de la actividad por el estado Vargas. En este sentido, explic\u00f3 que aunque en primer lugar se pretende limpiar la playa, con ello lo que realmente se busca es la sensibilizaci\u00f3n a trav\u00e9s de ese \u201caprender haciendo\u201d, as\u00ed como la participaci\u00f3n ciudadana.<\/span><\/p>\n<p style=\"text-align: justify;\"><span style=\"color: #000000;\">Rodr\u00edguez tambi\u00e9n destac\u00f3 el incremento exponencial del voluntariado de la CGR. \u201cEstoy en este proyecto con la Contralor\u00eda General desde hace tres a\u00f1os, y he visto la evoluci\u00f3n e incorporaci\u00f3n del personal hasta llegar a m\u00e1s de 100 voluntarios, y sigue en aumento y con permanencia en el tiempo. Por eso, me enorgullece de la organizaci\u00f3n c\u00f3mo han asumido la sensibilizaci\u00f3n ambiental de la zona marino costera del pa\u00eds\u201d, enfatiz\u00f3.<\/span><\/p>\n<p style=\"text-align: justify;\"><span style=\"color: #000000;\">La <i>Jornada de Recolecci\u00f3n de Desechos S\u00f3lidos<\/i> se realizar\u00e1 el pr\u00f3ximo s\u00e1bado 20 de septiembre en el estado Vargas.<\/span><\/p>\n","protected":false},"excerpt":{"rendered":"<p>A prop\u00f3sito del D\u00eda Mundial de las Playas. Funcionarios de la CGR se preparan para jornada de sensibilizaci\u00f3n ambiental. El pr\u00f3ximo s\u00e1bado 20 de septiembre se realizar\u00e1 una actividad de recolecci\u00f3n de desechos s\u00f3lidos en el estado Vargas A prop\u00f3sito &hellip; <a class=\"more-link\" href=\"https:\/\/contraloriaestadoamazonas.gob.ve\/amz\/2014\/09\/funcionarios-de-la-cgr-se-preparan-para-jornada-de-sensibilizacion-ambiental\/\">Sigue leyendo <span class=\"meta-nav\">&rarr;<\/span><\/a><\/p>\n","protected":false},"author":8,"featured_media":0,"comment_status":"closed","ping_status":"closed","sticky":false,"template":"","format":"standard","meta":{"footnotes":""},"categories":[54],"tags":[],"class_list":["post-3623","post","type-post","status-publish","format-standard","hentry","category-noticias-cgr"],"_links":{"self":[{"href":"https:\/\/contraloriaestadoamazonas.gob.ve\/amz\/wp-json\/wp\/v2\/posts\/3623","targetHints":{"allow":["GET"]}}],"collection":[{"href":"https:\/\/contraloriaestadoamazonas.gob.ve\/amz\/wp-json\/wp\/v2\/posts"}],"about":[{"href":"https:\/\/contraloriaestadoamazonas.gob.ve\/amz\/wp-json\/wp\/v2\/types\/post"}],"author":[{"embeddable":true,"href":"https:\/\/contraloriaestadoamazonas.gob.ve\/amz\/wp-json\/wp\/v2\/users\/8"}],"replies":[{"embeddable":true,"href":"https:\/\/contraloriaestadoamazonas.gob.ve\/amz\/wp-json\/wp\/v2\/comments?post=3623"}],"version-history":[{"count":4,"href":"https:\/\/contraloriaestadoamazonas.gob.ve\/amz\/wp-json\/wp\/v2\/posts\/3623\/revisions"}],"predecessor-version":[{"id":3627,"href":"https:\/\/contraloriaestadoamazonas.gob.ve\/amz\/wp-json\/wp\/v2\/posts\/3623\/revisions\/3627"}],"wp:attachment":[{"href":"https:\/\/contraloriaestadoamazonas.gob.ve\/amz\/wp-json\/wp\/v2\/media?parent=3623"}],"wp:term":[{"taxonomy":"category","embeddable":true,"href":"https:\/\/contraloriaestadoamazonas.gob.ve\/amz\/wp-json\/wp\/v2\/categories?post=3623"},{"taxonomy":"post_tag","embeddable":true,"href":"https:\/\/contraloriaestadoamazonas.gob.ve\/amz\/wp-json\/wp\/v2\/tags?post=3623"}],"curies":[{"name":"wp","href":"https:\/\/api.w.org\/{rel}","templated":true}]}}