{"id":3632,"date":"2014-09-19T08:47:59","date_gmt":"2014-09-19T13:17:59","guid":{"rendered":"http:\/\/www.contraloriaestadoamazonas.gob.ve\/amz\/?p=3632"},"modified":"2014-09-19T08:47:59","modified_gmt":"2014-09-19T13:17:59","slug":"funcionarios-de-la-contraloria-del-estado-amazonas-se-beneficiaron-de-jornada-de-vacunacion","status":"publish","type":"post","link":"https:\/\/contraloriaestadoamazonas.gob.ve\/amz\/2014\/09\/funcionarios-de-la-contraloria-del-estado-amazonas-se-beneficiaron-de-jornada-de-vacunacion\/","title":{"rendered":"Funcionarios de la Contralor\u00eda del estado Amazonas se beneficiaron de Jornada de Vacunaci\u00f3n"},"content":{"rendered":"<p style=\"text-align: center;\"><a href=\"http:\/\/www.contraloriaestadoamazonas.gob.ve\/amz\/wp-content\/uploads\/2014\/09\/vacunaas.jpg\"><img loading=\"lazy\" decoding=\"async\" class=\"alignnone size-medium wp-image-3631\" alt=\"vacunaas\" src=\"http:\/\/www.contraloriaestadoamazonas.gob.ve\/amz\/wp-content\/uploads\/2014\/09\/vacunaas-300x225.jpg\" width=\"300\" height=\"225\" srcset=\"https:\/\/contraloriaestadoamazonas.gob.ve\/amz\/wp-content\/uploads\/2014\/09\/vacunaas-300x225.jpg 300w, https:\/\/contraloriaestadoamazonas.gob.ve\/amz\/wp-content\/uploads\/2014\/09\/vacunaas.jpg 1024w\" sizes=\"auto, (max-width: 300px) 100vw, 300px\" \/><\/a><\/p>\n<p style=\"text-align: justify;\"><b>Funcionarios de la Contralor\u00eda del estado Amazonas se beneficiaron de Jornada de Vacunaci\u00f3n<\/b><\/p>\n<p style=\"text-align: justify;\"><span style=\"color: #000000;\">La Contralor\u00eda del Estado Amazonas, cumpliendo con las directrices establecidas por el Contralor (P) Abg. Guillermo Forti en el tercer objetivo estrat\u00e9gico establecido en el POAI 2014, correspondiente a la optimizaci\u00f3n de la gesti\u00f3n del recurso humano mediante el desarrollo de pol\u00edticas de atenci\u00f3n al talento humano que conforma este organismo de control, a trav\u00e9s de su Direcci\u00f3n de Recursos Humanos, en coordinaci\u00f3n con la Direcci\u00f3n General de Epidemiologia del Ministerio del Poder Popular para la Salud del estado Amazonas, realiz\u00f3 una jornada de vacunaci\u00f3n con el objetivo de velar por la salud integral de sus funcionarios y funcionarias.<\/span><\/p>\n<p style=\"text-align: justify;\"><span style=\"color: #000000;\"><!--more-->Esta jornada se llev\u00f3 a cabo el dia viernes 12 de septiembre de este a\u00f1o, en el sal\u00f3n de usos m\u00faltiples \u201cDr. Clodosbaldo Russian\u201d ubicado en la sede de la Contralor\u00eda del estado Amazonas, siendo tambi\u00e9n beneficiados con este operativo especial los familiares de los funcionarios y funcionarias, especialmente los menores de edad, quienes son m\u00e1s propensos a contraer enfermedades contagiosas, \u00a0sobre todo en los periodos lluviosos y con el pr\u00f3ximo inicio de clases.<\/span><\/p>\n<p style=\"text-align: justify;\"><span style=\"color: #000000;\">Entre las vacunas que fueron colocadas en dicha actividad destacan: hepatitis b, trivalente viral, antiamarilica y Toxoide dift\u00e9rico para los adultos, mientras que a los ni\u00f1os se les suministro Antipolio, pentavalente y neumococo (a partir de los 5meses), que forman parte del Programa Ampliado de Inmunizaciones (PAI).<\/span><\/p>\n<p style=\"text-align: justify;\"><span style=\"color: #000000;\">Estas jornadas ser\u00e1n realizadas de forma peri\u00f3dica a los fines de contribuir con el resguardo de la salud y la calidad de vida del personal que conforma la Contralor\u00eda del estado Amazonas.<\/span><\/p>\n","protected":false},"excerpt":{"rendered":"<p>Funcionarios de la Contralor\u00eda del estado Amazonas se beneficiaron de Jornada de Vacunaci\u00f3n La Contralor\u00eda del Estado Amazonas, cumpliendo con las directrices establecidas por el Contralor (P) Abg. Guillermo Forti en el tercer objetivo estrat\u00e9gico establecido en el POAI 2014, &hellip; <a class=\"more-link\" href=\"https:\/\/contraloriaestadoamazonas.gob.ve\/amz\/2014\/09\/funcionarios-de-la-contraloria-del-estado-amazonas-se-beneficiaron-de-jornada-de-vacunacion\/\">Sigue leyendo <span class=\"meta-nav\">&rarr;<\/span><\/a><\/p>\n","protected":false},"author":10,"featured_media":0,"comment_status":"closed","ping_status":"closed","sticky":false,"template":"","format":"standard","meta":{"footnotes":""},"categories":[55],"tags":[],"class_list":["post-3632","post","type-post","status-publish","format-standard","hentry","category-noticias-cea"],"_links":{"self":[{"href":"https:\/\/contraloriaestadoamazonas.gob.ve\/amz\/wp-json\/wp\/v2\/posts\/3632","targetHints":{"allow":["GET"]}}],"collection":[{"href":"https:\/\/contraloriaestadoamazonas.gob.ve\/amz\/wp-json\/wp\/v2\/posts"}],"about":[{"href":"https:\/\/contraloriaestadoamazonas.gob.ve\/amz\/wp-json\/wp\/v2\/types\/post"}],"author":[{"embeddable":true,"href":"https:\/\/contraloriaestadoamazonas.gob.ve\/amz\/wp-json\/wp\/v2\/users\/10"}],"replies":[{"embeddable":true,"href":"https:\/\/contraloriaestadoamazonas.gob.ve\/amz\/wp-json\/wp\/v2\/comments?post=3632"}],"version-history":[{"count":3,"href":"https:\/\/contraloriaestadoamazonas.gob.ve\/amz\/wp-json\/wp\/v2\/posts\/3632\/revisions"}],"predecessor-version":[{"id":3635,"href":"https:\/\/contraloriaestadoamazonas.gob.ve\/amz\/wp-json\/wp\/v2\/posts\/3632\/revisions\/3635"}],"wp:attachment":[{"href":"https:\/\/contraloriaestadoamazonas.gob.ve\/amz\/wp-json\/wp\/v2\/media?parent=3632"}],"wp:term":[{"taxonomy":"category","embeddable":true,"href":"https:\/\/contraloriaestadoamazonas.gob.ve\/amz\/wp-json\/wp\/v2\/categories?post=3632"},{"taxonomy":"post_tag","embeddable":true,"href":"https:\/\/contraloriaestadoamazonas.gob.ve\/amz\/wp-json\/wp\/v2\/tags?post=3632"}],"curies":[{"name":"wp","href":"https:\/\/api.w.org\/{rel}","templated":true}]}}