{"id":3644,"date":"2014-09-30T07:55:07","date_gmt":"2014-09-30T12:25:07","guid":{"rendered":"http:\/\/www.contraloriaestadoamazonas.gob.ve\/amz\/?p=3644"},"modified":"2014-09-30T08:59:27","modified_gmt":"2014-09-30T13:29:27","slug":"cafe-venezuela-inauguro-sucursal-en-la-cgr","status":"publish","type":"post","link":"https:\/\/contraloriaestadoamazonas.gob.ve\/amz\/2014\/09\/cafe-venezuela-inauguro-sucursal-en-la-cgr\/","title":{"rendered":"Caf\u00e9 Venezuela inaugur\u00f3 sucursal en la CGR"},"content":{"rendered":"<p style=\"text-align: justify;\"><a href=\"http:\/\/www.contraloriaestadoamazonas.gob.ve\/amz\/wp-content\/uploads\/2014\/09\/26-09-2014-Caf\u00e9-1a-1.jpg\"><img loading=\"lazy\" decoding=\"async\" class=\"aligncenter size-medium wp-image-3645\" src=\"http:\/\/www.contraloriaestadoamazonas.gob.ve\/amz\/wp-content\/uploads\/2014\/09\/26-09-2014-Caf\u00e9-1a-1-300x181.jpg\" alt=\"26-09-2014 Caf\u00e9-1a (1)\" width=\"300\" height=\"181\" srcset=\"https:\/\/contraloriaestadoamazonas.gob.ve\/amz\/wp-content\/uploads\/2014\/09\/26-09-2014-Caf\u00e9-1a-1-300x181.jpg 300w, https:\/\/contraloriaestadoamazonas.gob.ve\/amz\/wp-content\/uploads\/2014\/09\/26-09-2014-Caf\u00e9-1a-1.jpg 900w\" sizes=\"auto, (max-width: 300px) 100vw, 300px\" \/><\/a><\/p>\n<p style=\"text-align: justify;\">En el marco del 76\u00b0 aniversario<\/p>\n<p style=\"text-align: justify;\"><em>Caf\u00e9 Venezuela<\/em> inaugur\u00f3 sucursal en la CGR<\/p>\n<ul style=\"text-align: justify;\">\n<li>La Contralora General, Adelina Gonz\u00e1lez, indic\u00f3 que esta alianza institucional forma parte de las pol\u00edticas de Estado orientadas a servir al ciudadano<\/li>\n<\/ul>\n<p style=\"text-align: justify;\">Desde este viernes, el personal activo y jubilado de la Contralor\u00eda General de la Rep\u00fablica, as\u00ed como los ciudadanos que acuden a realizar gestiones en el m\u00e1ximo \u00f3rgano de control del pa\u00eds, podr\u00e1n disfrutar de la empresa estatal <em>Caf\u00e9 Venezuela<\/em>, luego de la inauguraci\u00f3n de su sucursal n\u00famero 25 en el edificio sede.<\/p>\n<p style=\"text-align: justify;\">En compa\u00f1\u00eda de directivos, funcionarios de la Instituci\u00f3n y representantes de la agencia comercial, la Contralora General de la Rep\u00fablica (E), Adelina Gonz\u00e1lez, dio apertura a la tienda y expres\u00f3 el significado de esta iniciativa. \u201cEs una alianza estrat\u00e9gica institucional para servir al ciudadano. Es una pol\u00edtica de Estado\u201d, se\u00f1al\u00f3. \u201cTal vez no sea la agencia de <em>Caf\u00e9 Venezuela<\/em> que m\u00e1s facture, pero ser\u00e1 la m\u00e1s hermosa y c\u00e1lida, donde se beneficiar\u00e1n no s\u00f3lo los trabajadores de la Contralor\u00eda, sino tambi\u00e9n todos los usuarios de nuestros servicios\u201d, agreg\u00f3.<\/p>\n<p style=\"text-align: justify;\"><!--more-->Por otro lado, Manuel Brice\u00f1o, director general de <em>Caf\u00e9 Venezuela<\/em>, agradeci\u00f3 a la CGR por su compromiso y alab\u00f3 esta alianza. \u201cEl inter\u00e9s de <em>Caf\u00e9 Venezuela<\/em> no es econ\u00f3mico, es evaluar c\u00f3mo nos complementamos como instancias e instituciones que forman parte del Estado venezolano a fin de trabajar en conjunto para brindarles a nuestros usuarios la mejor calidad de servicio. A partir de hoy todos podr\u00e1n disfrutar de un excelente caf\u00e9, de un excelente trato, y todo gracias a estas articulaciones\u201d, se\u00f1al\u00f3.<\/p>\n<p style=\"text-align: justify;\">Adem\u00e1s, Brice\u00f1o explic\u00f3 que todos los productos que se ofrecen son de producci\u00f3n nacional, algunos de ellos, a trav\u00e9s de la Misi\u00f3n Madres del Barrio.<\/p>\n<p style=\"text-align: justify;\">La inauguraci\u00f3n de Caf\u00e9 Venezuela se realiz\u00f3 en el marco de las actividades del 76\u00b0 aniversario de la CGR.<\/p>\n","protected":false},"excerpt":{"rendered":"<p>En el marco del 76\u00b0 aniversario Caf\u00e9 Venezuela inaugur\u00f3 sucursal en la CGR La Contralora General, Adelina Gonz\u00e1lez, indic\u00f3 que esta alianza institucional forma parte de las pol\u00edticas de Estado orientadas a servir al ciudadano Desde este viernes, el personal &hellip; <a class=\"more-link\" href=\"https:\/\/contraloriaestadoamazonas.gob.ve\/amz\/2014\/09\/cafe-venezuela-inauguro-sucursal-en-la-cgr\/\">Sigue leyendo <span class=\"meta-nav\">&rarr;<\/span><\/a><\/p>\n","protected":false},"author":8,"featured_media":0,"comment_status":"closed","ping_status":"closed","sticky":false,"template":"","format":"standard","meta":{"footnotes":""},"categories":[54],"tags":[],"class_list":["post-3644","post","type-post","status-publish","format-standard","hentry","category-noticias-cgr"],"_links":{"self":[{"href":"https:\/\/contraloriaestadoamazonas.gob.ve\/amz\/wp-json\/wp\/v2\/posts\/3644","targetHints":{"allow":["GET"]}}],"collection":[{"href":"https:\/\/contraloriaestadoamazonas.gob.ve\/amz\/wp-json\/wp\/v2\/posts"}],"about":[{"href":"https:\/\/contraloriaestadoamazonas.gob.ve\/amz\/wp-json\/wp\/v2\/types\/post"}],"author":[{"embeddable":true,"href":"https:\/\/contraloriaestadoamazonas.gob.ve\/amz\/wp-json\/wp\/v2\/users\/8"}],"replies":[{"embeddable":true,"href":"https:\/\/contraloriaestadoamazonas.gob.ve\/amz\/wp-json\/wp\/v2\/comments?post=3644"}],"version-history":[{"count":2,"href":"https:\/\/contraloriaestadoamazonas.gob.ve\/amz\/wp-json\/wp\/v2\/posts\/3644\/revisions"}],"predecessor-version":[{"id":3647,"href":"https:\/\/contraloriaestadoamazonas.gob.ve\/amz\/wp-json\/wp\/v2\/posts\/3644\/revisions\/3647"}],"wp:attachment":[{"href":"https:\/\/contraloriaestadoamazonas.gob.ve\/amz\/wp-json\/wp\/v2\/media?parent=3644"}],"wp:term":[{"taxonomy":"category","embeddable":true,"href":"https:\/\/contraloriaestadoamazonas.gob.ve\/amz\/wp-json\/wp\/v2\/categories?post=3644"},{"taxonomy":"post_tag","embeddable":true,"href":"https:\/\/contraloriaestadoamazonas.gob.ve\/amz\/wp-json\/wp\/v2\/tags?post=3644"}],"curies":[{"name":"wp","href":"https:\/\/api.w.org\/{rel}","templated":true}]}}