{"id":3648,"date":"2014-09-30T09:05:30","date_gmt":"2014-09-30T13:35:30","guid":{"rendered":"http:\/\/www.contraloriaestadoamazonas.gob.ve\/amz\/?p=3648"},"modified":"2014-09-30T09:05:01","modified_gmt":"2014-09-30T13:35:01","slug":"nueva-contralora-provisional-de-carabobo","status":"publish","type":"post","link":"https:\/\/contraloriaestadoamazonas.gob.ve\/amz\/2014\/09\/nueva-contralora-provisional-de-carabobo\/","title":{"rendered":"Nueva contralora provisional de Carabobo"},"content":{"rendered":"<p><a href=\"http:\/\/www.contraloriaestadoamazonas.gob.ve\/amz\/wp-content\/uploads\/2014\/09\/26-09-2014_Juramentaci\u00f3n_Web.jpg\"><img loading=\"lazy\" decoding=\"async\" class=\"aligncenter size-medium wp-image-3649\" src=\"http:\/\/www.contraloriaestadoamazonas.gob.ve\/amz\/wp-content\/uploads\/2014\/09\/26-09-2014_Juramentaci\u00f3n_Web-300x204.jpg\" alt=\"26-09-2014_Juramentaci\u00f3n_Web\" width=\"300\" height=\"204\" srcset=\"https:\/\/contraloriaestadoamazonas.gob.ve\/amz\/wp-content\/uploads\/2014\/09\/26-09-2014_Juramentaci\u00f3n_Web-300x204.jpg 300w, https:\/\/contraloriaestadoamazonas.gob.ve\/amz\/wp-content\/uploads\/2014\/09\/26-09-2014_Juramentaci\u00f3n_Web.jpg 400w\" sizes=\"auto, (max-width: 300px) 100vw, 300px\" \/><\/a><\/p>\n<p>GORBV N\u00b0 40.501<\/p>\n<p style=\"text-align: justify;\">Nueva contralora provisional de Carabobo<\/p>\n<ul style=\"text-align: justify;\">\n<li>Celestina Parra fue juramenta por la Contralora General, Adelina Gonz\u00e1lez<\/li>\n<\/ul>\n<p style=\"text-align: justify;\">La Contralora General de la Rep\u00fablica (E), Adelina Gonz\u00e1lez, jurament\u00f3 este viernes a Celestina Parra como contralora provisional del estado Carabobo. Su designaci\u00f3n fue emitida en la Resoluci\u00f3n N\u00b0 01-00-000193, publicada en la Gaceta Oficial N\u00b0 40.501 de fecha 19 de septiembre de 2014.<\/p>\n<p style=\"text-align: justify;\">Parra asegur\u00f3 asumir este nuevo reto con entereza, compromiso y responsabilidad, en aras de llevar adelante la gesti\u00f3n del \u00f3rgano de control que le corresponde dirigir, de manera eficiente y eficaz. La nueva contralora provisional del estado Carabobo cuenta con experiencia al frente de contralor\u00edas estadales y municipales, una larga trayectoria en la administraci\u00f3n p\u00fablica como auditora y m\u00e1s de 20 a\u00f1os de servicio en la CGR.<\/p>\n","protected":false},"excerpt":{"rendered":"<p>GORBV N\u00b0 40.501 Nueva contralora provisional de Carabobo Celestina Parra fue juramenta por la Contralora General, Adelina Gonz\u00e1lez La Contralora General de la Rep\u00fablica (E), Adelina Gonz\u00e1lez, jurament\u00f3 este viernes a Celestina Parra como contralora provisional del estado Carabobo. Su &hellip; <a class=\"more-link\" href=\"https:\/\/contraloriaestadoamazonas.gob.ve\/amz\/2014\/09\/nueva-contralora-provisional-de-carabobo\/\">Sigue leyendo <span class=\"meta-nav\">&rarr;<\/span><\/a><\/p>\n","protected":false},"author":8,"featured_media":0,"comment_status":"closed","ping_status":"closed","sticky":false,"template":"","format":"standard","meta":{"footnotes":""},"categories":[54],"tags":[],"class_list":["post-3648","post","type-post","status-publish","format-standard","hentry","category-noticias-cgr"],"_links":{"self":[{"href":"https:\/\/contraloriaestadoamazonas.gob.ve\/amz\/wp-json\/wp\/v2\/posts\/3648","targetHints":{"allow":["GET"]}}],"collection":[{"href":"https:\/\/contraloriaestadoamazonas.gob.ve\/amz\/wp-json\/wp\/v2\/posts"}],"about":[{"href":"https:\/\/contraloriaestadoamazonas.gob.ve\/amz\/wp-json\/wp\/v2\/types\/post"}],"author":[{"embeddable":true,"href":"https:\/\/contraloriaestadoamazonas.gob.ve\/amz\/wp-json\/wp\/v2\/users\/8"}],"replies":[{"embeddable":true,"href":"https:\/\/contraloriaestadoamazonas.gob.ve\/amz\/wp-json\/wp\/v2\/comments?post=3648"}],"version-history":[{"count":3,"href":"https:\/\/contraloriaestadoamazonas.gob.ve\/amz\/wp-json\/wp\/v2\/posts\/3648\/revisions"}],"predecessor-version":[{"id":3652,"href":"https:\/\/contraloriaestadoamazonas.gob.ve\/amz\/wp-json\/wp\/v2\/posts\/3648\/revisions\/3652"}],"wp:attachment":[{"href":"https:\/\/contraloriaestadoamazonas.gob.ve\/amz\/wp-json\/wp\/v2\/media?parent=3648"}],"wp:term":[{"taxonomy":"category","embeddable":true,"href":"https:\/\/contraloriaestadoamazonas.gob.ve\/amz\/wp-json\/wp\/v2\/categories?post=3648"},{"taxonomy":"post_tag","embeddable":true,"href":"https:\/\/contraloriaestadoamazonas.gob.ve\/amz\/wp-json\/wp\/v2\/tags?post=3648"}],"curies":[{"name":"wp","href":"https:\/\/api.w.org\/{rel}","templated":true}]}}