{"id":3654,"date":"2014-10-01T16:39:17","date_gmt":"2014-10-01T21:09:17","guid":{"rendered":"http:\/\/www.contraloriaestadoamazonas.gob.ve\/amz\/?p=3654"},"modified":"2014-10-01T16:39:17","modified_gmt":"2014-10-01T21:09:17","slug":"exposicion-retrospectiva-da-inicio-al-76-aniversario-de-la-cgr","status":"publish","type":"post","link":"https:\/\/contraloriaestadoamazonas.gob.ve\/amz\/2014\/10\/exposicion-retrospectiva-da-inicio-al-76-aniversario-de-la-cgr\/","title":{"rendered":"Exposici\u00f3n Retrospectiva da inicio al 76\u00b0 aniversario de la CGR"},"content":{"rendered":"<p><a href=\"http:\/\/www.contraloriaestadoamazonas.gob.ve\/amz\/wp-content\/uploads\/2014\/10\/foto.jpg\"><img loading=\"lazy\" decoding=\"async\" class=\"aligncenter size-medium wp-image-3655\" src=\"http:\/\/www.contraloriaestadoamazonas.gob.ve\/amz\/wp-content\/uploads\/2014\/10\/foto-300x225.jpg\" alt=\"foto\" width=\"300\" height=\"225\" srcset=\"https:\/\/contraloriaestadoamazonas.gob.ve\/amz\/wp-content\/uploads\/2014\/10\/foto-300x225.jpg 300w, https:\/\/contraloriaestadoamazonas.gob.ve\/amz\/wp-content\/uploads\/2014\/10\/foto.jpg 1024w\" sizes=\"auto, (max-width: 300px) 100vw, 300px\" \/><\/a><\/p>\n<p style=\"text-align: justify;\">En el auditorio \u201cContralor Luis A. Pietri\u201d del edificio sede<\/p>\n<p style=\"text-align: justify;\">Exposici\u00f3n <em>Retrospectiva<\/em> da inicio al 76\u00b0 aniversario de la CGR<\/p>\n<p style=\"text-align: justify;\">La Contralor\u00eda General de la Rep\u00fablica dio inicio este mi\u00e9rcoles a la celebraci\u00f3n de su 76\u00b0 aniversario con la inauguraci\u00f3n de la exposici\u00f3n <em>Retrospectiva,<\/em> organizada junto al Instituto de Altos Estudios de Control Fiscal y Auditor\u00eda de Estado, Fundaci\u00f3n \u201cGumersindo Torres\u201d, Cofae.<\/p>\n<p style=\"text-align: justify;\">La muestra re\u00fane 28 obras del artista pl\u00e1stico venezolano Omar Cruz Guevara, especialista en t\u00e9cnicas como \u00f3leo, acuarela, carboncillo y crey\u00f3n, entre otras, y conocido por las ilustraciones de la Constituci\u00f3n Juvenil y el Plan de la Patria, as\u00ed como por publicaciones como <em>El loco soy yo, Palabras para un adi\u00f3s, Grita el silencio, Las p\u00e1ginas cruzadas, Chimborazo, Bol\u00edvar vive<\/em> y <em>El Ranchito.<\/em><!--more--><!--more--><!--more--><!--more--><!--more--><\/p>\n<p style=\"text-align: justify;\">La Contralora General de la Rep\u00fablica, Adelina Gonz\u00e1lez, destac\u00f3 durante su discurso el valor de los trabajos que al autor le ha hecho merecedor de dos Premios Nacionales de Periodismo. \u201cSiempre iniciamos nuestro mes aniversario rindiendo homenaje al arte. Hoy vamos a descubrir a un artista integral que supo c\u00f3mo llegarle al sentimiento del pueblo, expresando situaciones y sentimientos en breves pero contundentes espacios. Por eso el pueblo se ha identificado con sus obras y lo ha reconocido como insigne artista\u201d.<\/p>\n<p style=\"text-align: justify;\">Por su parte, Omar Cruz Guevara, autor de la exposici\u00f3n, manifest\u00f3 su agradecimiento al m\u00e1ximo organismo contralor. \u201cUno muchas veces no sabe lo que le espera despu\u00e9s de realizar alg\u00fan trabajo. Le agradezco inmensamente a la doctora Adelina Gonz\u00e1lez y a la Contralor\u00eda General de la Rep\u00fablica por el apoyo que no s\u00f3lo le han dado a mis obras sino al arte nacional en general. La invitaci\u00f3n es a todo el pueblo venezolano para que se acerque a este espacio y puedan disfrutar de este humilde trabajo hecho con todo el amor del mundo\u201d.<\/p>\n<p style=\"text-align: justify;\">La exposici\u00f3n <em>Retrospectiva<\/em> estar\u00e1 abierta al p\u00fablico en el auditorio \u201cContralor Luis A. Pietri\u201d ubicado en la planta baja del edificio sede de la CGR, durante todo el mes de octubre, en el horario comprendido entre 8:00 a.m. y 4:00 p.m.<\/p>\n","protected":false},"excerpt":{"rendered":"<p>En el auditorio \u201cContralor Luis A. Pietri\u201d del edificio sede Exposici\u00f3n Retrospectiva da inicio al 76\u00b0 aniversario de la CGR La Contralor\u00eda General de la Rep\u00fablica dio inicio este mi\u00e9rcoles a la celebraci\u00f3n de su 76\u00b0 aniversario con la inauguraci\u00f3n &hellip; <a class=\"more-link\" href=\"https:\/\/contraloriaestadoamazonas.gob.ve\/amz\/2014\/10\/exposicion-retrospectiva-da-inicio-al-76-aniversario-de-la-cgr\/\">Sigue leyendo <span class=\"meta-nav\">&rarr;<\/span><\/a><\/p>\n","protected":false},"author":8,"featured_media":0,"comment_status":"closed","ping_status":"closed","sticky":false,"template":"","format":"standard","meta":{"footnotes":""},"categories":[54],"tags":[],"class_list":["post-3654","post","type-post","status-publish","format-standard","hentry","category-noticias-cgr"],"_links":{"self":[{"href":"https:\/\/contraloriaestadoamazonas.gob.ve\/amz\/wp-json\/wp\/v2\/posts\/3654","targetHints":{"allow":["GET"]}}],"collection":[{"href":"https:\/\/contraloriaestadoamazonas.gob.ve\/amz\/wp-json\/wp\/v2\/posts"}],"about":[{"href":"https:\/\/contraloriaestadoamazonas.gob.ve\/amz\/wp-json\/wp\/v2\/types\/post"}],"author":[{"embeddable":true,"href":"https:\/\/contraloriaestadoamazonas.gob.ve\/amz\/wp-json\/wp\/v2\/users\/8"}],"replies":[{"embeddable":true,"href":"https:\/\/contraloriaestadoamazonas.gob.ve\/amz\/wp-json\/wp\/v2\/comments?post=3654"}],"version-history":[{"count":1,"href":"https:\/\/contraloriaestadoamazonas.gob.ve\/amz\/wp-json\/wp\/v2\/posts\/3654\/revisions"}],"predecessor-version":[{"id":3656,"href":"https:\/\/contraloriaestadoamazonas.gob.ve\/amz\/wp-json\/wp\/v2\/posts\/3654\/revisions\/3656"}],"wp:attachment":[{"href":"https:\/\/contraloriaestadoamazonas.gob.ve\/amz\/wp-json\/wp\/v2\/media?parent=3654"}],"wp:term":[{"taxonomy":"category","embeddable":true,"href":"https:\/\/contraloriaestadoamazonas.gob.ve\/amz\/wp-json\/wp\/v2\/categories?post=3654"},{"taxonomy":"post_tag","embeddable":true,"href":"https:\/\/contraloriaestadoamazonas.gob.ve\/amz\/wp-json\/wp\/v2\/tags?post=3654"}],"curies":[{"name":"wp","href":"https:\/\/api.w.org\/{rel}","templated":true}]}}