{"id":3662,"date":"2014-10-03T16:49:36","date_gmt":"2014-10-03T21:19:36","guid":{"rendered":"http:\/\/www.contraloriaestadoamazonas.gob.ve\/amz\/?p=3662"},"modified":"2014-10-03T16:50:44","modified_gmt":"2014-10-03T21:20:44","slug":"funcionarios-de-la-cgr-participaron-en-jornada-de-reforestacion-ambiental-y-recorrido-historico","status":"publish","type":"post","link":"https:\/\/contraloriaestadoamazonas.gob.ve\/amz\/2014\/10\/funcionarios-de-la-cgr-participaron-en-jornada-de-reforestacion-ambiental-y-recorrido-historico\/","title":{"rendered":"Funcionarios de la CGR participaron en jornada de reforestaci\u00f3n ambiental y recorrido hist\u00f3rico"},"content":{"rendered":"<p style=\"text-align: justify;\"><span style=\"color: #000000;\"><a href=\"http:\/\/www.contraloriaestadoamazonas.gob.ve\/amz\/wp-content\/uploads\/2014\/10\/Fotor01003163725.jpg\"><img loading=\"lazy\" decoding=\"async\" class=\"aligncenter size-medium wp-image-3663\" src=\"http:\/\/www.contraloriaestadoamazonas.gob.ve\/amz\/wp-content\/uploads\/2014\/10\/Fotor01003163725-267x300.jpg\" alt=\"Fotor01003163725\" width=\"267\" height=\"300\" srcset=\"https:\/\/contraloriaestadoamazonas.gob.ve\/amz\/wp-content\/uploads\/2014\/10\/Fotor01003163725-267x300.jpg 267w, https:\/\/contraloriaestadoamazonas.gob.ve\/amz\/wp-content\/uploads\/2014\/10\/Fotor01003163725.jpg 900w\" sizes=\"auto, (max-width: 267px) 100vw, 267px\" \/><\/a><\/span>En el marco de las actividades del 76\u00b0 aniversario<\/p>\n<p style=\"text-align: justify;\"><span style=\"color: #000000;\">Funcionarios de la CGR participaron en jornada de reforestaci\u00f3n ambiental y recorrido hist\u00f3rico<\/span><\/p>\n<ul style=\"text-align: justify;\">\n<li><span style=\"color: #000000;\">M\u00e1s de 200 plantas ornamentales fueron sembradas en el Parque Ezequiel Zamora, \u201cEl Calvario\u201d<\/span><\/li>\n<\/ul>\n<p style=\"text-align: justify;\"><span style=\"color: #000000;\">Como parte de las actividades programadas por la Contralor\u00eda General de la Rep\u00fablica para celebrar su mes aniversario, este viernes funcionarios y autoridades de la Instituci\u00f3n, en compa\u00f1\u00eda de sus hijos y familiares, participaron en una jornada de reforestaci\u00f3n ambiental en coordinaci\u00f3n con la Misi\u00f3n \u00c1rbol en el parque Ezequiel Zamora, conocido como El Calvario, y en un recorrido hist\u00f3rico a cargo de la Fundaci\u00f3n para la Protecci\u00f3n y Defensa del Patrimonio Cultural de Caracas (Fundapatrimonio).<!--more--><\/span><\/p>\n<p style=\"text-align: justify;\"><span style=\"color: #000000;\">M\u00e1s de 200 plantas ornamentales fueron sembradas con la intenci\u00f3n de embellecer los espacios as\u00ed como promover la conciencia ecol\u00f3gica. La Contralora General, Adelina Gonz\u00e1lez, manifest\u00f3 el compromiso de la Instituci\u00f3n para con la naturaleza, no solo a partir de estos eventos, sino tambi\u00e9n a trav\u00e9s de las auditor\u00edas especializadas en materia ambiental. \u201cPara nosotros es una cultura conservacionista que hay que continuar fomentando. Es una actividad que tiene un significado muy importante para los funcionarios de la Contralor\u00eda, pues combina la protecci\u00f3n ambiental y la promoci\u00f3n de conciencia ambiental en los ni\u00f1os\u201d, asegur\u00f3.<\/span><\/p>\n<p style=\"text-align: justify;\"><span style=\"color: #000000;\">Dulce Medina, presidenta de Fundapatrimonio, agradeci\u00f3 y felicit\u00f3 al personal de la CGR por esta iniciativa, al tiempo que expres\u00f3 que esta jornada contribuye con el mantenimiento de los parques y \u00e1reas verdes de la capital del pa\u00eds para el disfrute tanto de los caraque\u00f1os como de los turistas y visitantes.<\/span><\/p>\n<p style=\"text-align: justify;\"><span style=\"color: #000000;\">Por otro lado, el coordinador de la Misi\u00f3n \u00c1rbol del Distrito Capital, Julio C\u00e9sar Pi\u00f1ango, indic\u00f3 que las especies que seleccionaron para la jornada de reforestaci\u00f3n del parque El Calvario, fueron palmas, alfombras, crotos y garbancillo.<\/span><\/p>\n","protected":false},"excerpt":{"rendered":"<p>En el marco de las actividades del 76\u00b0 aniversario Funcionarios de la CGR participaron en jornada de reforestaci\u00f3n ambiental y recorrido hist\u00f3rico M\u00e1s de 200 plantas ornamentales fueron sembradas en el Parque Ezequiel Zamora, \u201cEl Calvario\u201d Como parte de las &hellip; <a class=\"more-link\" href=\"https:\/\/contraloriaestadoamazonas.gob.ve\/amz\/2014\/10\/funcionarios-de-la-cgr-participaron-en-jornada-de-reforestacion-ambiental-y-recorrido-historico\/\">Sigue leyendo <span class=\"meta-nav\">&rarr;<\/span><\/a><\/p>\n","protected":false},"author":8,"featured_media":0,"comment_status":"closed","ping_status":"closed","sticky":false,"template":"","format":"standard","meta":{"footnotes":""},"categories":[54],"tags":[],"class_list":["post-3662","post","type-post","status-publish","format-standard","hentry","category-noticias-cgr"],"_links":{"self":[{"href":"https:\/\/contraloriaestadoamazonas.gob.ve\/amz\/wp-json\/wp\/v2\/posts\/3662","targetHints":{"allow":["GET"]}}],"collection":[{"href":"https:\/\/contraloriaestadoamazonas.gob.ve\/amz\/wp-json\/wp\/v2\/posts"}],"about":[{"href":"https:\/\/contraloriaestadoamazonas.gob.ve\/amz\/wp-json\/wp\/v2\/types\/post"}],"author":[{"embeddable":true,"href":"https:\/\/contraloriaestadoamazonas.gob.ve\/amz\/wp-json\/wp\/v2\/users\/8"}],"replies":[{"embeddable":true,"href":"https:\/\/contraloriaestadoamazonas.gob.ve\/amz\/wp-json\/wp\/v2\/comments?post=3662"}],"version-history":[{"count":1,"href":"https:\/\/contraloriaestadoamazonas.gob.ve\/amz\/wp-json\/wp\/v2\/posts\/3662\/revisions"}],"predecessor-version":[{"id":3664,"href":"https:\/\/contraloriaestadoamazonas.gob.ve\/amz\/wp-json\/wp\/v2\/posts\/3662\/revisions\/3664"}],"wp:attachment":[{"href":"https:\/\/contraloriaestadoamazonas.gob.ve\/amz\/wp-json\/wp\/v2\/media?parent=3662"}],"wp:term":[{"taxonomy":"category","embeddable":true,"href":"https:\/\/contraloriaestadoamazonas.gob.ve\/amz\/wp-json\/wp\/v2\/categories?post=3662"},{"taxonomy":"post_tag","embeddable":true,"href":"https:\/\/contraloriaestadoamazonas.gob.ve\/amz\/wp-json\/wp\/v2\/tags?post=3662"}],"curies":[{"name":"wp","href":"https:\/\/api.w.org\/{rel}","templated":true}]}}