{"id":3874,"date":"2015-02-03T15:04:44","date_gmt":"2015-02-03T19:34:44","guid":{"rendered":"http:\/\/www.contraloriaestadoamazonas.gob.ve\/amz\/?p=3874"},"modified":"2015-02-03T16:46:54","modified_gmt":"2015-02-03T21:16:54","slug":"debemos-fortalecer-las-herramientas-que-tiene-el-estado-para-combatir-la-corrupcion","status":"publish","type":"post","link":"https:\/\/contraloriaestadoamazonas.gob.ve\/amz\/2015\/02\/debemos-fortalecer-las-herramientas-que-tiene-el-estado-para-combatir-la-corrupcion\/","title":{"rendered":"\u201cDebemos fortalecer las herramientas que tiene el Estado para combatir la corrupci\u00f3n\u201d"},"content":{"rendered":"<p style=\"text-align: justify;\"><a href=\"http:\/\/www.contraloriaestadoamazonas.gob.ve\/amz\/wp-content\/uploads\/2015\/02\/1.jpg\"><img loading=\"lazy\" decoding=\"async\" class=\"aligncenter size-medium wp-image-3879\" src=\"http:\/\/www.contraloriaestadoamazonas.gob.ve\/amz\/wp-content\/uploads\/2015\/02\/1-300x263.jpg\" alt=\"1\" width=\"300\" height=\"263\" srcset=\"https:\/\/contraloriaestadoamazonas.gob.ve\/amz\/wp-content\/uploads\/2015\/02\/1-300x263.jpg 300w, https:\/\/contraloriaestadoamazonas.gob.ve\/amz\/wp-content\/uploads\/2015\/02\/1.jpg 875w\" sizes=\"auto, (max-width: 300px) 100vw, 300px\" \/><\/a><span style=\"color: #000000;\">Contralor General, Dr. Manuel Galindo Ballesteros<\/span><\/p>\n<p style=\"text-align: justify;\"><strong><span style=\"color: #000000;\">\u201cDebemos fortalecer las herramientas que tiene el Estado para combatir la corrupci\u00f3n\u201d<\/span><\/strong><\/p>\n<ol style=\"text-align: justify;\">\n<li><span style=\"color: #000000;\">En la sesi\u00f3n solemne de Apertura de las Actividades Judiciales del a\u00f1o 2015, el presidente de la Sala Pol\u00edtico Administrativa, magistrado Emiro Garc\u00eda Rosas fue designado como Orador de Orden<\/span><\/li>\n<\/ol>\n<p style=\"text-align: justify;\"><span style=\"color: #000000;\">El pasado lunes, se llev\u00f3 a cabo la Apertura de las Actividades Judiciales del a\u00f1o 2015, mediante un acto solemne encabezado por la presidenta del Tribunal Supremo de Justicia, magistrada Dra. Gladys Guti\u00e9rrez, quien present\u00f3 al pa\u00eds el informe de gesti\u00f3n del Poder Judicial correspondiente al a\u00f1o 2014, y en presencia del presidente de la Rep\u00fablica, Nicol\u00e1s Maduro Moros, as\u00ed como el Contralor General de la Rep\u00fablica, Dr. Manuel Galindo Ballesteros.<\/span><!--more--><!--more--><\/p>\n<p style=\"text-align: justify;\"><span style=\"color: #000000;\">El Contralor General, insisti\u00f3 sobre la creaci\u00f3n de la cultura anticorrupci\u00f3n y la necesidad de fortalecer las herramientas que tiene el Estado para combatir este flagelo, \u201cdebemos fortalecer el ideal que nos dej\u00f3 el Libertador Sim\u00f3n Bol\u00edvar, que se encuentra plasmado en la Constituci\u00f3n de la Rep\u00fablica Bolivariana de Venezuela, y recogido en varias leyes como el Plan de la Patria, la Ley de la Controlar\u00eda General de la Rep\u00fablica y del Sistema Nacional de Control Fiscal, y la Ley Contra la Corrupci\u00f3n\u201d.<\/span><\/p>\n<p style=\"text-align: justify;\"><span style=\"color: #000000;\">Asimismo, felicit\u00f3 al presidente de la Sala Pol\u00edtico Administrativa,\u00a0 magistrado Dr. Emirio Garc\u00eda Rosas por la designaci\u00f3n como orador de orden y resalt\u00f3 la importancia sobre la cooperaci\u00f3n entre los poderes porque \u201cen la sala Pol\u00edtico Administrativa del TSJ se debaten los recursos de nulidad contra todos los actos administrativos como los emanados por la Controlar\u00eda General de la Rep\u00fablica, por ser dicha Sala el \u00faltimo interprete jur\u00eddico\u201d.<\/span><\/p>\n<p style=\"text-align: justify;\"><span style=\"color: #000000;\">Por otro lado, el titular del m\u00e1ximo \u00f3rgano de Control Fiscal, salud\u00f3 a la nueva junta directiva del TSJ y exhort\u00f3 que se realice el llamado a concurso de todos los jueces y auditores de los \u00f3rganos y entes que se encuentran en condici\u00f3n de provisorios.<\/span><\/p>\n<p style=\"text-align: justify;\"><span style=\"color: #000000;\">Igualmente, inform\u00f3 que para el pr\u00f3ximo mi\u00e9rcoles 4 de febrero, est\u00e1 prevista una reuni\u00f3n con los intendentes del Cuerpo Nacional Contra la Corrupci\u00f3n, a fin de discutir diversos temas sobre dicho flagelo e hizo un llamado a ahondar m\u00e1s en la capacitaci\u00f3n de los funcionarios de la Controlar\u00eda, en los niveles que sean necesarios para afianzar los conocimientos en materia de Control Fiscal.<\/span><\/p>\n","protected":false},"excerpt":{"rendered":"<p>Contralor General, Dr. Manuel Galindo Ballesteros \u201cDebemos fortalecer las herramientas que tiene el Estado para combatir la corrupci\u00f3n\u201d En la sesi\u00f3n solemne de Apertura de las Actividades Judiciales del a\u00f1o 2015, el presidente de la Sala Pol\u00edtico Administrativa, magistrado Emiro &hellip; <a class=\"more-link\" href=\"https:\/\/contraloriaestadoamazonas.gob.ve\/amz\/2015\/02\/debemos-fortalecer-las-herramientas-que-tiene-el-estado-para-combatir-la-corrupcion\/\">Sigue leyendo <span class=\"meta-nav\">&rarr;<\/span><\/a><\/p>\n","protected":false},"author":8,"featured_media":0,"comment_status":"closed","ping_status":"closed","sticky":false,"template":"","format":"standard","meta":{"footnotes":""},"categories":[54],"tags":[],"class_list":["post-3874","post","type-post","status-publish","format-standard","hentry","category-noticias-cgr"],"_links":{"self":[{"href":"https:\/\/contraloriaestadoamazonas.gob.ve\/amz\/wp-json\/wp\/v2\/posts\/3874","targetHints":{"allow":["GET"]}}],"collection":[{"href":"https:\/\/contraloriaestadoamazonas.gob.ve\/amz\/wp-json\/wp\/v2\/posts"}],"about":[{"href":"https:\/\/contraloriaestadoamazonas.gob.ve\/amz\/wp-json\/wp\/v2\/types\/post"}],"author":[{"embeddable":true,"href":"https:\/\/contraloriaestadoamazonas.gob.ve\/amz\/wp-json\/wp\/v2\/users\/8"}],"replies":[{"embeddable":true,"href":"https:\/\/contraloriaestadoamazonas.gob.ve\/amz\/wp-json\/wp\/v2\/comments?post=3874"}],"version-history":[{"count":4,"href":"https:\/\/contraloriaestadoamazonas.gob.ve\/amz\/wp-json\/wp\/v2\/posts\/3874\/revisions"}],"predecessor-version":[{"id":3880,"href":"https:\/\/contraloriaestadoamazonas.gob.ve\/amz\/wp-json\/wp\/v2\/posts\/3874\/revisions\/3880"}],"wp:attachment":[{"href":"https:\/\/contraloriaestadoamazonas.gob.ve\/amz\/wp-json\/wp\/v2\/media?parent=3874"}],"wp:term":[{"taxonomy":"category","embeddable":true,"href":"https:\/\/contraloriaestadoamazonas.gob.ve\/amz\/wp-json\/wp\/v2\/categories?post=3874"},{"taxonomy":"post_tag","embeddable":true,"href":"https:\/\/contraloriaestadoamazonas.gob.ve\/amz\/wp-json\/wp\/v2\/tags?post=3874"}],"curies":[{"name":"wp","href":"https:\/\/api.w.org\/{rel}","templated":true}]}}