{"id":3881,"date":"2015-02-05T16:58:27","date_gmt":"2015-02-05T21:28:27","guid":{"rendered":"http:\/\/www.contraloriaestadoamazonas.gob.ve\/amz\/?p=3881"},"modified":"2015-02-05T16:58:27","modified_gmt":"2015-02-05T21:28:27","slug":"contralor-general-el-encuentro-civico-militar-tambien-debe-ser-institucional","status":"publish","type":"post","link":"https:\/\/contraloriaestadoamazonas.gob.ve\/amz\/2015\/02\/contralor-general-el-encuentro-civico-militar-tambien-debe-ser-institucional\/","title":{"rendered":"Contralor General: \u201cEl encuentro c\u00edvico militar tambi\u00e9n debe ser institucional\u201d"},"content":{"rendered":"<p style=\"text-align: justify;\"><a href=\"http:\/\/www.contraloriaestadoamazonas.gob.ve\/amz\/wp-content\/uploads\/2015\/02\/2.jpg\"><img loading=\"lazy\" decoding=\"async\" class=\"aligncenter size-medium wp-image-3883\" src=\"http:\/\/www.contraloriaestadoamazonas.gob.ve\/amz\/wp-content\/uploads\/2015\/02\/2-300x250.jpg\" alt=\"2\" width=\"300\" height=\"250\" srcset=\"https:\/\/contraloriaestadoamazonas.gob.ve\/amz\/wp-content\/uploads\/2015\/02\/2-300x250.jpg 300w, https:\/\/contraloriaestadoamazonas.gob.ve\/amz\/wp-content\/uploads\/2015\/02\/2.jpg 920w\" sizes=\"auto, (max-width: 300px) 100vw, 300px\" \/><\/a><span style=\"color: #000000;\">Desde la Academia Militar del Fuerte Tiuna<\/span><\/p>\n<p style=\"text-align: justify;\"><strong><span style=\"color: #000000;\">Contralor General: \u201cEl encuentro c\u00edvico militar tambi\u00e9n debe ser institucional\u201d<\/span><\/strong><\/p>\n<p style=\"text-align: justify;\"><span style=\"color: #000000;\">El presidente de la Rep\u00fablica y comandante en jefe de la Fuerza Armada Nacional Bolivariana, Nicol\u00e1s Maduro Moros, recibi\u00f3 la condecoraci\u00f3n 4F, en su \u00fanica clase.<\/span><\/p>\n<p style=\"text-align: justify;\"><span style=\"color: #000000;\">Al cumplirse 23 a\u00f1os de la Rebeli\u00f3n Militar iniciada el 4 de febrero de 1992, el Contralor General de la Rep\u00fablica, Dr. Manuel Galindo Ballesteros, en compa\u00f1\u00eda de las m\u00e1ximas autoridades del Estado venezolano, asisti\u00f3 al acto conmemorativo realizado en la Academia Militar de Venezuela ubicada en el Fuerte Tiuna en Caracas, donde ascendieron a m\u00e1s de 1.200 integrantes de la Fuerza Armada Nacional Bolivariana.<\/span><!--more--><!--more--><\/p>\n<p style=\"text-align: justify;\"><span style=\"color: #000000;\">El Contralor General aprovech\u00f3 la oportunidad, desde la tribuna para invitar a todos los venezolanos a luchar contra la corrupci\u00f3n y estrechar los lazos institucionales para trabajar de manera mancomunada contra dicho flagelo.<\/span><\/p>\n<p style=\"text-align: justify;\"><span style=\"color: #000000;\">Igualmente, record\u00f3 la reuni\u00f3n que sostuvo la Contralor\u00eda General de la Rep\u00fablica y la Contralor\u00eda General de la Fuerza Armada Nacional Bolivariana como un encuentro c\u00edvico militar importante para el pa\u00eds, \u201cese encuentro c\u00edvico militar no debe ser \u00fanicamente de calle sino institucional, y vamos adelante hacia la contralor\u00eda social\u201d.<\/span><\/p>\n<p style=\"text-align: justify;\"><span style=\"color: #000000;\">Es importante destacar que el presidente de la Rep\u00fablica y comandante en jefe de la Fuerza Armada Nacional Bolivariana, Nicol\u00e1s Maduro Moros, recibi\u00f3 la condecoraci\u00f3n 4F, en su \u00fanica clase. La entrega estuvo a cargo del presidente de la Asamblea Nacional, Diosdado Cabello, uno de los oficiales que particip\u00f3 en la insurrecci\u00f3n liderada por el Comandante Hugo Ch\u00e1vez.<\/span><\/p>\n","protected":false},"excerpt":{"rendered":"<p>Desde la Academia Militar del Fuerte Tiuna Contralor General: \u201cEl encuentro c\u00edvico militar tambi\u00e9n debe ser institucional\u201d El presidente de la Rep\u00fablica y comandante en jefe de la Fuerza Armada Nacional Bolivariana, Nicol\u00e1s Maduro Moros, recibi\u00f3 la condecoraci\u00f3n 4F, en &hellip; <a class=\"more-link\" href=\"https:\/\/contraloriaestadoamazonas.gob.ve\/amz\/2015\/02\/contralor-general-el-encuentro-civico-militar-tambien-debe-ser-institucional\/\">Sigue leyendo <span class=\"meta-nav\">&rarr;<\/span><\/a><\/p>\n","protected":false},"author":8,"featured_media":0,"comment_status":"closed","ping_status":"closed","sticky":false,"template":"","format":"standard","meta":{"footnotes":""},"categories":[54],"tags":[],"class_list":["post-3881","post","type-post","status-publish","format-standard","hentry","category-noticias-cgr"],"_links":{"self":[{"href":"https:\/\/contraloriaestadoamazonas.gob.ve\/amz\/wp-json\/wp\/v2\/posts\/3881","targetHints":{"allow":["GET"]}}],"collection":[{"href":"https:\/\/contraloriaestadoamazonas.gob.ve\/amz\/wp-json\/wp\/v2\/posts"}],"about":[{"href":"https:\/\/contraloriaestadoamazonas.gob.ve\/amz\/wp-json\/wp\/v2\/types\/post"}],"author":[{"embeddable":true,"href":"https:\/\/contraloriaestadoamazonas.gob.ve\/amz\/wp-json\/wp\/v2\/users\/8"}],"replies":[{"embeddable":true,"href":"https:\/\/contraloriaestadoamazonas.gob.ve\/amz\/wp-json\/wp\/v2\/comments?post=3881"}],"version-history":[{"count":2,"href":"https:\/\/contraloriaestadoamazonas.gob.ve\/amz\/wp-json\/wp\/v2\/posts\/3881\/revisions"}],"predecessor-version":[{"id":3884,"href":"https:\/\/contraloriaestadoamazonas.gob.ve\/amz\/wp-json\/wp\/v2\/posts\/3881\/revisions\/3884"}],"wp:attachment":[{"href":"https:\/\/contraloriaestadoamazonas.gob.ve\/amz\/wp-json\/wp\/v2\/media?parent=3881"}],"wp:term":[{"taxonomy":"category","embeddable":true,"href":"https:\/\/contraloriaestadoamazonas.gob.ve\/amz\/wp-json\/wp\/v2\/categories?post=3881"},{"taxonomy":"post_tag","embeddable":true,"href":"https:\/\/contraloriaestadoamazonas.gob.ve\/amz\/wp-json\/wp\/v2\/tags?post=3881"}],"curies":[{"name":"wp","href":"https:\/\/api.w.org\/{rel}","templated":true}]}}