{"id":3885,"date":"2015-02-11T10:07:24","date_gmt":"2015-02-11T14:37:24","guid":{"rendered":"http:\/\/www.contraloriaestadoamazonas.gob.ve\/amz\/?p=3885"},"modified":"2015-02-11T10:13:22","modified_gmt":"2015-02-11T14:43:22","slug":"la-contraloria-del-estado-amazonas-dicta-talleres-para-el-fortaleciendo-del-poder-popular","status":"publish","type":"post","link":"https:\/\/contraloriaestadoamazonas.gob.ve\/amz\/2015\/02\/la-contraloria-del-estado-amazonas-dicta-talleres-para-el-fortaleciendo-del-poder-popular\/","title":{"rendered":"La Contralor\u00eda del Estado Amazonas dicta talleres para el fortaleciendo del Poder Popular"},"content":{"rendered":"<p><a href=\"http:\/\/www.contraloriaestadoamazonas.gob.ve\/amz\/wp-content\/uploads\/2015\/02\/FotorCreated7.jpg\"><img loading=\"lazy\" decoding=\"async\" class=\"aligncenter size-medium wp-image-3886\" src=\"http:\/\/www.contraloriaestadoamazonas.gob.ve\/amz\/wp-content\/uploads\/2015\/02\/FotorCreated7-300x260.jpg\" alt=\"FotorCreated7\" width=\"300\" height=\"260\" srcset=\"https:\/\/contraloriaestadoamazonas.gob.ve\/amz\/wp-content\/uploads\/2015\/02\/FotorCreated7-300x260.jpg 300w, https:\/\/contraloriaestadoamazonas.gob.ve\/amz\/wp-content\/uploads\/2015\/02\/FotorCreated7.jpg 886w\" sizes=\"auto, (max-width: 300px) 100vw, 300px\" \/><\/a><\/p>\n<h3 style=\"text-align: justify;\"><span style=\"color: #000000;\"><strong>La Contralor\u00eda del Estado Amazonas dicta talleres para el fortaleciendo del Poder Popular<\/strong><\/span><\/h3>\n<p style=\"text-align: justify;\"><span style=\"color: #000000;\">Dentro de los lineamientos establecidos por el Contralor (P) Abg. Guillermo Forti a trav\u00e9s del Plan Operativo Anual Institucional 2015, la Oficina de Atenci\u00f3n al Ciudadano de la Contralor\u00eda del Estado Amazonas, en conjunto con funcionarios del SAFONAPP Amazonas, efectuaron una\u00a0 JORNADA DE FORTALECIMIENTO DEL PODER POPULAR, a la comuna \u201cHasta la Victoria Siempre\u201d ubicada en la parroquia Platanillal del Municipio Atures, jornada en la cual fueron capacitados 37 voceros comunales en temas de importancia para la lucha contra la corrupci\u00f3n y el incentivo de la participaci\u00f3n ciudadana.<\/span><!--more--><\/p>\n<p style=\"text-align: justify;\"><span style=\"color: #000000;\">La actividad se realiz\u00f3 el d\u00eda Mi\u00e9rcoles 28\/01\/2015, en la Casa Comunal \u201cEco del Raudal\u201d, ubicada v\u00eda Puente de Cataniapo, Parroquia Platanillal del Municipio Atures &#8211; Estado Amazonas, siendo iniciada con unas palabras de bienvenida por el Licdo. Jhonny Barrios, Jefe de la Oficina de Atenci\u00f3n al Ciudadano y una introducci\u00f3n sobre la Contralor\u00eda del Estado Amazonas y sus funciones a cargo de la Abog. Anne Azavache, Coordinadora de la Oficina de Atenci\u00f3n al Ciudadano; en esta oportunidad se abordaron las siguientes tem\u00e1ticas: Contralor\u00eda Social (Facilitador Alirio Albarran, coordinador de Safonapp &#8211; Amazonas) , Rendici\u00f3n de Cuenta (Facilitadora Dasegry Leal, Auditor Fiscal II de la Direcci\u00f3n de Control Posterior de la Administraci\u00f3n Estadal), Decreto con rango, valor y fuerza de la Ley de Contrataciones Publica (Facilitador Denny Hern\u00e1ndez, Director de Procedimientos y Determinaci\u00f3n de Responsabilidades Administrativas).\u00a0 Aprovech\u00e1ndose la oportunidad para entregarles materiales informativos sobre Declaraci\u00f3n Jurada de Patrimonio, Contralor\u00eda del estado Amazonas, Oficina de Atenci\u00f3n al Ciudadano, Contralor\u00eda Social y La Denuncia y su tramitaci\u00f3n.<\/span><\/p>\n<p style=\"text-align: justify;\"><span style=\"color: #000000;\">La comunidad en general acogi\u00f3 esta Jornada de forma muy positiva, y dada la importancia de los temas tratados, solicitaron nuevas jornadas de capacitaci\u00f3n a los fines de lograr que todos los ciudadanos y ciudadanas que conforman dichos consejos comunales puedan recibir la capacitaci\u00f3n brindada, y que estos se constituyan en las herramientas fundamentales para el fortalecimiento del poder popular, acorde a los lineamientos establecidos en el Plan de la Patria 2013-2019.<\/span><\/p>\n<p style=\"text-align: justify;\"><span style=\"color: #000000;\">\u00a0<\/span><\/p>\n<p style=\"text-align: justify;\"><span style=\"color: #000000;\">\u00a0<\/span><\/p>\n","protected":false},"excerpt":{"rendered":"<p>La Contralor\u00eda del Estado Amazonas dicta talleres para el fortaleciendo del Poder Popular Dentro de los lineamientos establecidos por el Contralor (P) Abg. Guillermo Forti a trav\u00e9s del Plan Operativo Anual Institucional 2015, la Oficina de Atenci\u00f3n al Ciudadano de &hellip; <a class=\"more-link\" href=\"https:\/\/contraloriaestadoamazonas.gob.ve\/amz\/2015\/02\/la-contraloria-del-estado-amazonas-dicta-talleres-para-el-fortaleciendo-del-poder-popular\/\">Sigue leyendo <span class=\"meta-nav\">&rarr;<\/span><\/a><\/p>\n","protected":false},"author":10,"featured_media":0,"comment_status":"closed","ping_status":"closed","sticky":false,"template":"","format":"standard","meta":{"footnotes":""},"categories":[55],"tags":[],"class_list":["post-3885","post","type-post","status-publish","format-standard","hentry","category-noticias-cea"],"_links":{"self":[{"href":"https:\/\/contraloriaestadoamazonas.gob.ve\/amz\/wp-json\/wp\/v2\/posts\/3885","targetHints":{"allow":["GET"]}}],"collection":[{"href":"https:\/\/contraloriaestadoamazonas.gob.ve\/amz\/wp-json\/wp\/v2\/posts"}],"about":[{"href":"https:\/\/contraloriaestadoamazonas.gob.ve\/amz\/wp-json\/wp\/v2\/types\/post"}],"author":[{"embeddable":true,"href":"https:\/\/contraloriaestadoamazonas.gob.ve\/amz\/wp-json\/wp\/v2\/users\/10"}],"replies":[{"embeddable":true,"href":"https:\/\/contraloriaestadoamazonas.gob.ve\/amz\/wp-json\/wp\/v2\/comments?post=3885"}],"version-history":[{"count":3,"href":"https:\/\/contraloriaestadoamazonas.gob.ve\/amz\/wp-json\/wp\/v2\/posts\/3885\/revisions"}],"predecessor-version":[{"id":3889,"href":"https:\/\/contraloriaestadoamazonas.gob.ve\/amz\/wp-json\/wp\/v2\/posts\/3885\/revisions\/3889"}],"wp:attachment":[{"href":"https:\/\/contraloriaestadoamazonas.gob.ve\/amz\/wp-json\/wp\/v2\/media?parent=3885"}],"wp:term":[{"taxonomy":"category","embeddable":true,"href":"https:\/\/contraloriaestadoamazonas.gob.ve\/amz\/wp-json\/wp\/v2\/categories?post=3885"},{"taxonomy":"post_tag","embeddable":true,"href":"https:\/\/contraloriaestadoamazonas.gob.ve\/amz\/wp-json\/wp\/v2\/tags?post=3885"}],"curies":[{"name":"wp","href":"https:\/\/api.w.org\/{rel}","templated":true}]}}