{"id":3901,"date":"2015-02-26T11:02:31","date_gmt":"2015-02-26T15:32:31","guid":{"rendered":"http:\/\/www.contraloriaestadoamazonas.gob.ve\/amz\/?p=3901"},"modified":"2015-02-26T11:02:31","modified_gmt":"2015-02-26T15:32:31","slug":"la-generacion-de-oro","status":"publish","type":"post","link":"https:\/\/contraloriaestadoamazonas.gob.ve\/amz\/2015\/02\/la-generacion-de-oro\/","title":{"rendered":"La Generaci\u00f3n de Oro"},"content":{"rendered":"<p style=\"text-align: justify;\">\n<p><a href=\"http:\/\/www.contraloriaestadoamazonas.gob.ve\/amz\/wp-content\/uploads\/2015\/02\/24-02-2015-concierto-1d-Medios1.jpg\"><img loading=\"lazy\" decoding=\"async\" class=\"aligncenter size-medium wp-image-3904\" src=\"http:\/\/www.contraloriaestadoamazonas.gob.ve\/amz\/wp-content\/uploads\/2015\/02\/24-02-2015-concierto-1d-Medios1-300x153.jpg\" alt=\"24-02-2015 concierto-1d Medios\" width=\"300\" height=\"153\" srcset=\"https:\/\/contraloriaestadoamazonas.gob.ve\/amz\/wp-content\/uploads\/2015\/02\/24-02-2015-concierto-1d-Medios1-300x153.jpg 300w, https:\/\/contraloriaestadoamazonas.gob.ve\/amz\/wp-content\/uploads\/2015\/02\/24-02-2015-concierto-1d-Medios1-1024x522.jpg 1024w\" sizes=\"auto, (max-width: 300px) 100vw, 300px\" \/><\/a><\/p>\n<ul>\n<li>El Contralor General de la Rep\u00fablica Bolivariana de Venezuela, Dr. Manuel E. Galindo Ballesteros felicit\u00f3 al Sistema Nacional de Orquestas y Coros Juveniles e Infantiles de Venezuela<\/li>\n<\/ul>\n<p style=\"text-align: justify;\">La Contralor\u00eda General de la Rep\u00fablica Bolivariana de Venezuela brind\u00f3 una cordial bienvenida al Sistema Nacional de Orquestas y Coros Juveniles e Infantiles de Venezuela N\u00facleo San Agust\u00edn, integrado por 21 ni\u00f1os y ni\u00f1as, el concierto se efectu\u00f3 en el Auditorio \u201cContralor Luis A. Pietri\u201d, con motivo de la celebraci\u00f3n del 40 aniversario del Sistema, al acto asistieron las m\u00e1ximas autoridades y funcionarios de la Instituci\u00f3n.<\/p>\n<p style=\"text-align: justify;\">El Contralor General de la Rep\u00fablica, Dr. Manuel Galindo Ballesteros, despu\u00e9s del concierto, expres\u00f3 unas palabras de admiraci\u00f3n, comenzando con un agradecimiento a Dios por la oportunidad de ver a ni\u00f1os de tan corta edad y algunos adolescentes en un acto maravilloso, lleno de alegr\u00eda que refleja mucha disciplina y vocaci\u00f3n, llam\u00e1ndolo \u201cLa Generaci\u00f3n de Oro\u201d. Dijo estar orgulloso de la importancia que se le ha brindado a este g\u00e9nero musical, puesto que la m\u00fasica es la base de la cultura. Felicit\u00f3 a los ni\u00f1os y al maestro Jos\u00e9 Antonio Abreu por estos 40 a\u00f1os de trayectoria, ya que sin \u00e9l, este proyecto no ser\u00eda posible. Agreg\u00f3 que las puertas de la Contralor\u00eda General de la Rep\u00fablica siempre estar\u00e1n abiertas para recibir al Sistema Nacional de Orquestas y Coros Juveniles e Infantiles de Venezuela.<\/p>\n<p style=\"text-align: justify;\">Por su parte, Lilia Stella, profesora del Sistema Nacional de Orquestas y Coros Juveniles e Infantiles de Venezuela a cargo del N\u00facleo San Agust\u00edn, expres\u00f3 su agradecimiento por el gran apoyo que le ha brindado la Contralor\u00eda General de la Rep\u00fablica y el maestro Abreu a lo largo de estos 40 a\u00f1os creando peque\u00f1os \u201cH\u00e9roes de la Patria\u201d.<\/p>\n","protected":false},"excerpt":{"rendered":"<p>El Contralor General de la Rep\u00fablica Bolivariana de Venezuela, Dr. Manuel E. Galindo Ballesteros felicit\u00f3 al Sistema Nacional de Orquestas y Coros Juveniles e Infantiles de Venezuela La Contralor\u00eda General de la Rep\u00fablica Bolivariana de Venezuela brind\u00f3 una cordial bienvenida &hellip; <a class=\"more-link\" href=\"https:\/\/contraloriaestadoamazonas.gob.ve\/amz\/2015\/02\/la-generacion-de-oro\/\">Sigue leyendo <span class=\"meta-nav\">&rarr;<\/span><\/a><\/p>\n","protected":false},"author":10,"featured_media":0,"comment_status":"closed","ping_status":"closed","sticky":false,"template":"","format":"standard","meta":{"footnotes":""},"categories":[54],"tags":[],"class_list":["post-3901","post","type-post","status-publish","format-standard","hentry","category-noticias-cgr"],"_links":{"self":[{"href":"https:\/\/contraloriaestadoamazonas.gob.ve\/amz\/wp-json\/wp\/v2\/posts\/3901","targetHints":{"allow":["GET"]}}],"collection":[{"href":"https:\/\/contraloriaestadoamazonas.gob.ve\/amz\/wp-json\/wp\/v2\/posts"}],"about":[{"href":"https:\/\/contraloriaestadoamazonas.gob.ve\/amz\/wp-json\/wp\/v2\/types\/post"}],"author":[{"embeddable":true,"href":"https:\/\/contraloriaestadoamazonas.gob.ve\/amz\/wp-json\/wp\/v2\/users\/10"}],"replies":[{"embeddable":true,"href":"https:\/\/contraloriaestadoamazonas.gob.ve\/amz\/wp-json\/wp\/v2\/comments?post=3901"}],"version-history":[{"count":1,"href":"https:\/\/contraloriaestadoamazonas.gob.ve\/amz\/wp-json\/wp\/v2\/posts\/3901\/revisions"}],"predecessor-version":[{"id":3905,"href":"https:\/\/contraloriaestadoamazonas.gob.ve\/amz\/wp-json\/wp\/v2\/posts\/3901\/revisions\/3905"}],"wp:attachment":[{"href":"https:\/\/contraloriaestadoamazonas.gob.ve\/amz\/wp-json\/wp\/v2\/media?parent=3901"}],"wp:term":[{"taxonomy":"category","embeddable":true,"href":"https:\/\/contraloriaestadoamazonas.gob.ve\/amz\/wp-json\/wp\/v2\/categories?post=3901"},{"taxonomy":"post_tag","embeddable":true,"href":"https:\/\/contraloriaestadoamazonas.gob.ve\/amz\/wp-json\/wp\/v2\/tags?post=3901"}],"curies":[{"name":"wp","href":"https:\/\/api.w.org\/{rel}","templated":true}]}}