{"id":3964,"date":"2015-04-08T09:03:05","date_gmt":"2015-04-08T13:33:05","guid":{"rendered":"http:\/\/www.contraloriaestadoamazonas.gob.ve\/amz\/?p=3964"},"modified":"2015-04-08T09:03:05","modified_gmt":"2015-04-08T13:33:05","slug":"contralor-y-maximas-autoridades-de-la-cgr-firmaron-contra-decreto-de-obama","status":"publish","type":"post","link":"https:\/\/contraloriaestadoamazonas.gob.ve\/amz\/2015\/04\/contralor-y-maximas-autoridades-de-la-cgr-firmaron-contra-decreto-de-obama\/","title":{"rendered":"Contralor y m\u00e1ximas autoridades de la CGR firmaron contra decreto de Obama"},"content":{"rendered":"<p style=\"text-align: justify;\"><a href=\"http:\/\/www.contraloriaestadoamazonas.gob.ve\/amz\/wp-content\/uploads\/2015\/04\/Contralor1.jpg\"><img loading=\"lazy\" decoding=\"async\" class=\"aligncenter size-medium wp-image-3965\" src=\"http:\/\/www.contraloriaestadoamazonas.gob.ve\/amz\/wp-content\/uploads\/2015\/04\/Contralor1-287x300.jpg\" alt=\"Contralor\" width=\"287\" height=\"300\" srcset=\"https:\/\/contraloriaestadoamazonas.gob.ve\/amz\/wp-content\/uploads\/2015\/04\/Contralor1-287x300.jpg 287w, https:\/\/contraloriaestadoamazonas.gob.ve\/amz\/wp-content\/uploads\/2015\/04\/Contralor1.jpg 736w\" sizes=\"auto, (max-width: 287px) 100vw, 287px\" \/><\/a><span style=\"color: #000000;\">Ratifican apoyo al pueblo venezolano<\/span><\/p>\n<p style=\"text-align: justify;\"><span style=\"color: #000000;\"><strong>Contralor y m\u00e1ximas autoridades de la CGR firmaron contra decreto de Obama<\/strong><\/span><\/p>\n<ul style=\"text-align: justify;\">\n<li><span style=\"color: #000000;\">La VII Cumbre de las Am\u00e9ricas que se celebrar\u00e1 el viernes 10 y s\u00e1bado 11 de abril en Panam\u00e1, ser\u00e1 importante para toda Am\u00e9rica Latina y los pa\u00edses del mundo, afirm\u00f3 el Dr. Manuel Galindo Ballesteros, \u201cestamos unidos en la campa\u00f1a de Venezuela, en una sola voz para la pronta derogatoria de este decreto nefasto\u00bb<\/span><\/li>\n<\/ul>\n<p style=\"text-align: justify;\"><span style=\"color: #000000;\">El Contralor General de la Rep\u00fablica Bolivariana de Venezuela, Dr. Manuel Galindo Ballesteros, en compa\u00f1\u00eda del Subcontralor General, Dr. Giuson Fernando Flores, Directores Generales y Sectoriales, as\u00ed como funcionarios de la CGR acudieron a la Plaza Bol\u00edvar de Caracas, con el objetivo de firmar en contra del decreto injerencista del presidente de los Estados Unidos, Barack Obama, y ratificar el apoyo al pueblo venezolano en la defensa de su soberan\u00eda.<\/span><!--more--><!--more--><\/p>\n<p style=\"text-align: justify;\"><span style=\"color: #000000;\">Durante la actividad, el titular del M\u00e1ximo \u00d3rgano de Control Fiscal, se\u00f1al\u00f3 que la intenci\u00f3n principal del presidente estadounidense es interferir en los asuntos pac\u00edficos, tanto de Venezuela como de toda Am\u00e9rica Latina y el Caribe. \u201cVengo voluntariamente a estampar mi firma junto con el Subcontralor, directores generales, sectoriales y todo el personal de la Contralor\u00eda, m\u00e1s como venezolano que como Contralor General\u201d, se\u00f1al\u00f3.<\/span><\/p>\n<p style=\"text-align: justify;\"><span style=\"color: #000000;\">Igualmente, en relaci\u00f3n a la VII Cumbre de las Am\u00e9ricas que se celebrar\u00e1 el viernes 10 y s\u00e1bado 11 de abril en Panam\u00e1, afirm\u00f3 que el encuentro internacional ser\u00e1 importante para toda Am\u00e9rica Latina y los pa\u00edses del mundo, \u201cestamos unidos en la campa\u00f1a de Venezuela, en una sola voz para la derogatoria pronta de este decreto nefasto\u00bb.<\/span><\/p>\n<p style=\"text-align: justify;\"><span style=\"color: #000000;\">Para finalizar, se refiri\u00f3 al art\u00edculo 1 de la Constituci\u00f3n, el cual establece la autodeterminaci\u00f3n de los pueblos como principio regulador de la libertad, la preeminencia, la cooperaci\u00f3n entre los venezolanos, la inmunidad y sobretodo la jurisdicci\u00f3n. Por ende, \u201cno podemos aceptar la injerencia internacional de ning\u00fan pa\u00eds\u201d.<\/span><\/p>\n","protected":false},"excerpt":{"rendered":"<p>Ratifican apoyo al pueblo venezolano Contralor y m\u00e1ximas autoridades de la CGR firmaron contra decreto de Obama La VII Cumbre de las Am\u00e9ricas que se celebrar\u00e1 el viernes 10 y s\u00e1bado 11 de abril en Panam\u00e1, ser\u00e1 importante para toda &hellip; <a class=\"more-link\" href=\"https:\/\/contraloriaestadoamazonas.gob.ve\/amz\/2015\/04\/contralor-y-maximas-autoridades-de-la-cgr-firmaron-contra-decreto-de-obama\/\">Sigue leyendo <span class=\"meta-nav\">&rarr;<\/span><\/a><\/p>\n","protected":false},"author":10,"featured_media":0,"comment_status":"closed","ping_status":"closed","sticky":false,"template":"","format":"standard","meta":{"footnotes":""},"categories":[54],"tags":[],"class_list":["post-3964","post","type-post","status-publish","format-standard","hentry","category-noticias-cgr"],"_links":{"self":[{"href":"https:\/\/contraloriaestadoamazonas.gob.ve\/amz\/wp-json\/wp\/v2\/posts\/3964","targetHints":{"allow":["GET"]}}],"collection":[{"href":"https:\/\/contraloriaestadoamazonas.gob.ve\/amz\/wp-json\/wp\/v2\/posts"}],"about":[{"href":"https:\/\/contraloriaestadoamazonas.gob.ve\/amz\/wp-json\/wp\/v2\/types\/post"}],"author":[{"embeddable":true,"href":"https:\/\/contraloriaestadoamazonas.gob.ve\/amz\/wp-json\/wp\/v2\/users\/10"}],"replies":[{"embeddable":true,"href":"https:\/\/contraloriaestadoamazonas.gob.ve\/amz\/wp-json\/wp\/v2\/comments?post=3964"}],"version-history":[{"count":1,"href":"https:\/\/contraloriaestadoamazonas.gob.ve\/amz\/wp-json\/wp\/v2\/posts\/3964\/revisions"}],"predecessor-version":[{"id":3966,"href":"https:\/\/contraloriaestadoamazonas.gob.ve\/amz\/wp-json\/wp\/v2\/posts\/3964\/revisions\/3966"}],"wp:attachment":[{"href":"https:\/\/contraloriaestadoamazonas.gob.ve\/amz\/wp-json\/wp\/v2\/media?parent=3964"}],"wp:term":[{"taxonomy":"category","embeddable":true,"href":"https:\/\/contraloriaestadoamazonas.gob.ve\/amz\/wp-json\/wp\/v2\/categories?post=3964"},{"taxonomy":"post_tag","embeddable":true,"href":"https:\/\/contraloriaestadoamazonas.gob.ve\/amz\/wp-json\/wp\/v2\/tags?post=3964"}],"curies":[{"name":"wp","href":"https:\/\/api.w.org\/{rel}","templated":true}]}}