{"id":3968,"date":"2015-04-14T10:20:37","date_gmt":"2015-04-14T14:50:37","guid":{"rendered":"http:\/\/www.contraloriaestadoamazonas.gob.ve\/amz\/?p=3968"},"modified":"2015-04-14T10:20:37","modified_gmt":"2015-04-14T14:50:37","slug":"voluntariado-cgr-recibio-capacitacion","status":"publish","type":"post","link":"https:\/\/contraloriaestadoamazonas.gob.ve\/amz\/2015\/04\/voluntariado-cgr-recibio-capacitacion\/","title":{"rendered":"Voluntariado CGR recibi\u00f3 capacitaci\u00f3n"},"content":{"rendered":"<p style=\"text-align: justify;\"><a href=\"http:\/\/www.contraloriaestadoamazonas.gob.ve\/amz\/wp-content\/uploads\/2015\/04\/13-04-2015-Voluntariado-1a-Boletin.jpg\"><img loading=\"lazy\" decoding=\"async\" class=\"aligncenter size-medium wp-image-3969\" src=\"http:\/\/www.contraloriaestadoamazonas.gob.ve\/amz\/wp-content\/uploads\/2015\/04\/13-04-2015-Voluntariado-1a-Boletin-300x108.jpg\" alt=\"13-04-2015 Voluntariado-1a Boletin\" width=\"300\" height=\"108\" srcset=\"https:\/\/contraloriaestadoamazonas.gob.ve\/amz\/wp-content\/uploads\/2015\/04\/13-04-2015-Voluntariado-1a-Boletin-300x108.jpg 300w, https:\/\/contraloriaestadoamazonas.gob.ve\/amz\/wp-content\/uploads\/2015\/04\/13-04-2015-Voluntariado-1a-Boletin.jpg 900w\" sizes=\"auto, (max-width: 300px) 100vw, 300px\" \/><\/a><span style=\"color: #000000;\">Para fortalecer el poder popular<\/span><\/p>\n<p style=\"text-align: justify;\"><strong><span style=\"color: #000000;\">Voluntariado CGR recibi\u00f3 capacitaci\u00f3n<\/span><\/strong><\/p>\n<ul style=\"text-align: justify;\">\n<li><span style=\"color: #000000;\">En la sede del M\u00e1ximo \u00d3rgano de Control Fiscal, m\u00e1s de 100 de funcionarios recibieron capacitaci\u00f3n en materia de participaci\u00f3n ciudadana, por parte de COFAE y la Oficina de Atenci\u00f3n al Ciudadano<\/span><\/li>\n<\/ul>\n<p style=\"text-align: justify;\"><span style=\"color: #000000;\">El presidente del Instituto de Altos Estudios COFAE, Elmo Bell Smythe, instal\u00f3 la primera jornada de capacitaci\u00f3n, para el voluntariado de los funcionarios de la CGR. Expres\u00f3 que esta actividad se inicia, cumpliendo instrucciones del Contralor General, Dr. Manuel Galindo Ballesteros, en aras de\u00a0 fortalecer el poder popular.<\/span><!--more--><!--more--><\/p>\n<p style=\"text-align: justify;\"><span style=\"color: #000000;\">\u201cLa intenci\u00f3n es\u00a0 que\u00a0 cada vocero y vocera de cada consejo comunal, reciba la informaci\u00f3n, comprenda y pueda hacer una buena aplicaci\u00f3n de los instrumentos jur\u00eddicos venezolanos que facultan a las organizaciones populares, en lo que se refiere al manejo de recursos\u201d. Asimismo mencion\u00f3 Bell Smythe, que los\u00a0 elementos determinantes en esta formaci\u00f3n, son la solidaridad y, la responsabilidad y la \u00e9tica del funcionario p\u00fablico.<\/span><\/p>\n<p style=\"text-align: justify;\"><span style=\"color: #000000;\">Dijo sentirse satisfecho por la receptividad y la respuesta favorable de los funcionarios de la CGR, ante la convocatoria para la formaci\u00f3n del voluntariado, ya que hasta la fecha est\u00e1n inscritos 109 funcionarios. \u201cEstamos trabajando de manera conjunta con la Oficina de Atenci\u00f3n al Ciudadano de la CGR, con el Ministerio del Poder Popular de las Comunas y los Movimientos Sociales y la Congefanb, para lograr solidez y firmeza, para que sea el pueblo quien logre avanzar en conocimientos en materia de Control Fiscal\u201d.<\/span><\/p>\n<p style=\"text-align: justify;\"><span style=\"color: #000000;\">Anunci\u00f3 que para finales de mayo aproximadamente unas 200 personas ya capacitadas por COFAE y la CGR, har\u00e1n contacto con el poder popular, \u201cpara poner en pr\u00e1ctica lo que el Contralor General , ha planteado como una prioridad la <em>Contralor\u00eda General haciendo trabajo de calle<\/em>, formando al poder popular\u201d.<\/span><\/p>\n<p style=\"text-align: justify;\"><span style=\"color: #000000;\">Por su parte Maryori P\u00e9rez, Jefa\u00a0 de la Oficina de Atenci\u00f3n al Ciudadano,\u00a0 manifest\u00f3 que con esta actividad, se pretende fortalecer al personal del M\u00e1ximo \u00d3rgano de Control Fiscal, en materia de\u00a0 participaci\u00f3n ciudadana, a trav\u00e9s del control social. \u201c\u00c9ste proceso formativo no ha sido impuesto, sino voluntario .Se trata de promover una cultura de la participaci\u00f3n ciudadana a trav\u00e9s del\u00a0 control de\u00a0 la gesti\u00f3n p\u00fablica, para ello se requiere de una vinculaci\u00f3n del trabajador con los voceros del poder popular\u201d. Para que estos ejerzan de manera efectiva, la participaci\u00f3n en el manejo del control, uno de los mecanismos, es la Contralor\u00eda Social, siendo este uno de los contenidos principales en el Taller de formaci\u00f3n del voluntariado, ya que est\u00e1 expresamente establecido en el ordenamiento jur\u00eddico venezolano.<\/span><\/p>\n<p style=\"text-align: justify;\"><span style=\"color: #000000;\">Se\u00f1al\u00f3 que la Contralor\u00eda Social, su ejercicio, se basa en fomentar la rendici\u00f3n de cuenta, es decir, el uso transparente de los recursos, el adecuado proceso de contrataciones p\u00fablicas, tanto en las instancias del poder popular, espec\u00edficamente en los proyectos y obras que estos ejecuten, as\u00ed\u00a0 como en las instituciones p\u00fablicas, de modo tal que el vocero que maneja estas herramientas, pueda ejercer control sobre procesos administrativos. Se trata de herramientas t\u00e9cnicas que permitir\u00e1n al poder popular, hacer un proceso de conformaci\u00f3n de las cuentas.<\/span><\/p>\n<p style=\"text-align: justify;\"><span style=\"color: #000000;\">De igual manera, se trabajara el control sobre la asignaci\u00f3n de los recursos p\u00fablicos, participaci\u00f3n ciudadana desde la formaci\u00f3n,\u00a0 ejecuci\u00f3n y asignaci\u00f3n de los recursos, bajo el marco del programa Jornadas de Fortalecimiento del Poder Popular, que desde hace un tiempo ya ven\u00eda desarrollando la CGR.<\/span><\/p>\n<p style=\"text-align: justify;\"><span style=\"color: #000000;\">Finaliz\u00f3 P\u00e9rez se\u00f1alando que una vez formado el voluntariado, estos\u00a0 pasaran a multiplicar la informaci\u00f3n, posteriormente se realizar\u00e1 un\u00a0 proceso de articulaci\u00f3n entre el Ministerio para el poder popular para las Comunas y Movimientos Sociales y conjuntamente con el SNCF para que los funcionarios de este \u00f3rgano manejen los contenidos de control fiscal.<\/span><\/p>\n","protected":false},"excerpt":{"rendered":"<p>Para fortalecer el poder popular Voluntariado CGR recibi\u00f3 capacitaci\u00f3n En la sede del M\u00e1ximo \u00d3rgano de Control Fiscal, m\u00e1s de 100 de funcionarios recibieron capacitaci\u00f3n en materia de participaci\u00f3n ciudadana, por parte de COFAE y la Oficina de Atenci\u00f3n al &hellip; <a class=\"more-link\" href=\"https:\/\/contraloriaestadoamazonas.gob.ve\/amz\/2015\/04\/voluntariado-cgr-recibio-capacitacion\/\">Sigue leyendo <span class=\"meta-nav\">&rarr;<\/span><\/a><\/p>\n","protected":false},"author":10,"featured_media":0,"comment_status":"closed","ping_status":"closed","sticky":false,"template":"","format":"standard","meta":{"footnotes":""},"categories":[54],"tags":[],"class_list":["post-3968","post","type-post","status-publish","format-standard","hentry","category-noticias-cgr"],"_links":{"self":[{"href":"https:\/\/contraloriaestadoamazonas.gob.ve\/amz\/wp-json\/wp\/v2\/posts\/3968","targetHints":{"allow":["GET"]}}],"collection":[{"href":"https:\/\/contraloriaestadoamazonas.gob.ve\/amz\/wp-json\/wp\/v2\/posts"}],"about":[{"href":"https:\/\/contraloriaestadoamazonas.gob.ve\/amz\/wp-json\/wp\/v2\/types\/post"}],"author":[{"embeddable":true,"href":"https:\/\/contraloriaestadoamazonas.gob.ve\/amz\/wp-json\/wp\/v2\/users\/10"}],"replies":[{"embeddable":true,"href":"https:\/\/contraloriaestadoamazonas.gob.ve\/amz\/wp-json\/wp\/v2\/comments?post=3968"}],"version-history":[{"count":2,"href":"https:\/\/contraloriaestadoamazonas.gob.ve\/amz\/wp-json\/wp\/v2\/posts\/3968\/revisions"}],"predecessor-version":[{"id":3971,"href":"https:\/\/contraloriaestadoamazonas.gob.ve\/amz\/wp-json\/wp\/v2\/posts\/3968\/revisions\/3971"}],"wp:attachment":[{"href":"https:\/\/contraloriaestadoamazonas.gob.ve\/amz\/wp-json\/wp\/v2\/media?parent=3968"}],"wp:term":[{"taxonomy":"category","embeddable":true,"href":"https:\/\/contraloriaestadoamazonas.gob.ve\/amz\/wp-json\/wp\/v2\/categories?post=3968"},{"taxonomy":"post_tag","embeddable":true,"href":"https:\/\/contraloriaestadoamazonas.gob.ve\/amz\/wp-json\/wp\/v2\/tags?post=3968"}],"curies":[{"name":"wp","href":"https:\/\/api.w.org\/{rel}","templated":true}]}}