{"id":4359,"date":"2015-11-16T15:10:40","date_gmt":"2015-11-16T19:40:40","guid":{"rendered":"http:\/\/www.contraloriaestadoamazonas.gob.ve\/amz\/?p=4359"},"modified":"2015-11-17T12:32:55","modified_gmt":"2015-11-17T17:02:55","slug":"la-cgr-sale-a-la-calle-para-promover-la-contraloria-social","status":"publish","type":"post","link":"https:\/\/contraloriaestadoamazonas.gob.ve\/amz\/2015\/11\/la-cgr-sale-a-la-calle-para-promover-la-contraloria-social\/","title":{"rendered":"La CGR sale a la calle para promover la contralor\u00eda social"},"content":{"rendered":"<p style=\"text-align: justify;\"><a href=\"http:\/\/www.contraloriaestadoamazonas.gob.ve\/amz\/wp-content\/uploads\/2015\/11\/Panoramica-Ciudadana.jpg\"><img loading=\"lazy\" decoding=\"async\" class=\"aligncenter size-medium wp-image-4362\" src=\"http:\/\/www.contraloriaestadoamazonas.gob.ve\/amz\/wp-content\/uploads\/2015\/11\/Panoramica-Ciudadana-300x120.jpg\" alt=\"Panoramica-Ciudadana\" width=\"300\" height=\"120\" srcset=\"https:\/\/contraloriaestadoamazonas.gob.ve\/amz\/wp-content\/uploads\/2015\/11\/Panoramica-Ciudadana-300x120.jpg 300w, https:\/\/contraloriaestadoamazonas.gob.ve\/amz\/wp-content\/uploads\/2015\/11\/Panoramica-Ciudadana.jpg 900w\" sizes=\"auto, (max-width: 300px) 100vw, 300px\" \/><\/a><span style=\"color: #000000;\">En la casa de la cultura \u201cJuana la Avanzadora\u201d, parroquia Sarria<\/span><\/p>\n<p style=\"text-align: justify;\"><strong><span style=\"color: #000000;\">La CGR sale a la calle para promover la contralor\u00eda social<\/span><\/strong><\/p>\n<p style=\"text-align: justify;\"><span style=\"color: #000000;\">\u2022 El Contralor General de la Rep\u00fablica, Dr. Manuel Enrique Galindo Ballesteros, destac\u00f3: \u201cEl objetivo principal del Plan es instruir a las ciudadanas y ciudadanos, consejos comunales y comunas, a velar por la correcta administraci\u00f3n y ejecuci\u00f3n de los recursos p\u00fablicos\u201d<\/span><\/p>\n<p style=\"text-align: justify;\"><span style=\"color: #000000;\">La Contralor\u00eda General de la Rep\u00fablica Bolivariana de Venezuela, conjuntamente con la Contralor\u00eda General de la Fuerza Armada Nacional Bolivariana y la Milicia Bolivariana, present\u00f3 a la comuna Sarr\u00eda es una sola, con sus once consejos comunales, el Plan de Participaci\u00f3n Ciudadana a trav\u00e9s del Control Social Uni\u00f3n-C\u00edvico Militar, a fin de prevenir las pr\u00e1cticas corruptas, en cualquiera de sus formas, con la formaci\u00f3n y capacitaci\u00f3n de la comunidad en materia de Contralor\u00eda Social, y de esta manera poder satisfacer sus necesidades mediante la ejecuci\u00f3n de proyectos factibles, garantizando el buen uso de los recursos concedidos por las distintas fuentes de financiamiento del Estado.<\/span><!--more--><!--more--><\/p>\n<p style=\"text-align: justify;\"><span style=\"color: #000000;\">El Contralor General de la Rep\u00fablica, Dr. Manuel Enrique Galindo Ballesteros, manifest\u00f3 que la CGR y la Oficina de Atenci\u00f3n al Ciudadano trabajan para impulsar el acercamiento con el Poder Popular, para fortalecer el protagonismo que ejerce el pueblo organizado y su participaci\u00f3n. Adem\u00e1s, resalt\u00f3: \u201cEl objetivo principal de los programas de capacitaci\u00f3n es ense\u00f1ar a las ciudadanas y ciudadanos, consejos comunales y comunas, a velar por la correcta administraci\u00f3n y ejecuci\u00f3n de los recursos p\u00fablicos en sus espacios de convivencia, y que puedan rendir cuenta de manera disciplinada y eficaz, siguiendo el lema \u201cContraloras y contralores somos todos\u201d.<\/span><\/p>\n<p style=\"text-align: justify;\"><span style=\"color: #000000;\">Por su parte, el Contralor General de la Fuerza Armada Nacional Bolivariana, G\/D Jos\u00e9 Luis Mait\u00e1n Herrera, se\u00f1al\u00f3 que el Plan de Participaci\u00f3n Ciudadana y la uni\u00f3n c\u00edvico-militar ayuda al fortalecimiento de la contralor\u00eda social para la lucha contra la corrupci\u00f3n y la burocracia, a fin de buscar el manejo eficiente de los ingresos, gastos y bienes p\u00fablicos asignados por el Estado venezolano, y a la vez \u201chacer realidad lo establecido en la Constituci\u00f3n de la Rep\u00fablica Bolivariana de Venezuela y el Plan de la Patria, para lograr un pa\u00eds unido e integrado en pro del desarrollo y la defensa integral de la naci\u00f3n\u201d.<\/span><\/p>\n<p style=\"text-align: justify;\"><span style=\"color: #000000;\">Asimismo, el vocero popular de la comuna Sarria es una sola, Manuel Salvador Rivero, indic\u00f3 que la CGR y la Congefanb han dado un paso al frente para cumplir con el legado del L\u00edder de la Revoluci\u00f3n, Hugo Ch\u00e1vez Fr\u00edas, dando como ejemplo a otras instituciones o entes p\u00fablicos el necesario acercamiento con el Poder Popular, para entender de fondo las necesidades del sector y la ra\u00edz de las fallas administrativas ocasionadas por los respectivos encargados de cada consejo comunal o comuna, y al mismo tiempo previniendo el incumplimiento con una asesor\u00eda en materia de control social, para el buen manejo de los recursos p\u00fablicos. Tambi\u00e9n, expres\u00f3: \u201cPara nosotros, ver a la Contralor\u00eda General de la Rep\u00fablica de la mano con la Congefanb en la creaci\u00f3n de planes estrat\u00e9gicos para la mejora del Poder Popular, significa que la uni\u00f3n c\u00edvico-militar est\u00e1 presente y comparte la lucha del Pueblo en todas las situaciones que se presenten\u201d.<\/span><\/p>\n","protected":false},"excerpt":{"rendered":"<p>En la casa de la cultura \u201cJuana la Avanzadora\u201d, parroquia Sarria La CGR sale a la calle para promover la contralor\u00eda social \u2022 El Contralor General de la Rep\u00fablica, Dr. Manuel Enrique Galindo Ballesteros, destac\u00f3: \u201cEl objetivo principal del Plan &hellip; <a class=\"more-link\" href=\"https:\/\/contraloriaestadoamazonas.gob.ve\/amz\/2015\/11\/la-cgr-sale-a-la-calle-para-promover-la-contraloria-social\/\">Sigue leyendo <span class=\"meta-nav\">&rarr;<\/span><\/a><\/p>\n","protected":false},"author":10,"featured_media":0,"comment_status":"closed","ping_status":"closed","sticky":false,"template":"","format":"standard","meta":{"footnotes":""},"categories":[54],"tags":[],"class_list":["post-4359","post","type-post","status-publish","format-standard","hentry","category-noticias-cgr"],"_links":{"self":[{"href":"https:\/\/contraloriaestadoamazonas.gob.ve\/amz\/wp-json\/wp\/v2\/posts\/4359","targetHints":{"allow":["GET"]}}],"collection":[{"href":"https:\/\/contraloriaestadoamazonas.gob.ve\/amz\/wp-json\/wp\/v2\/posts"}],"about":[{"href":"https:\/\/contraloriaestadoamazonas.gob.ve\/amz\/wp-json\/wp\/v2\/types\/post"}],"author":[{"embeddable":true,"href":"https:\/\/contraloriaestadoamazonas.gob.ve\/amz\/wp-json\/wp\/v2\/users\/10"}],"replies":[{"embeddable":true,"href":"https:\/\/contraloriaestadoamazonas.gob.ve\/amz\/wp-json\/wp\/v2\/comments?post=4359"}],"version-history":[{"count":3,"href":"https:\/\/contraloriaestadoamazonas.gob.ve\/amz\/wp-json\/wp\/v2\/posts\/4359\/revisions"}],"predecessor-version":[{"id":4364,"href":"https:\/\/contraloriaestadoamazonas.gob.ve\/amz\/wp-json\/wp\/v2\/posts\/4359\/revisions\/4364"}],"wp:attachment":[{"href":"https:\/\/contraloriaestadoamazonas.gob.ve\/amz\/wp-json\/wp\/v2\/media?parent=4359"}],"wp:term":[{"taxonomy":"category","embeddable":true,"href":"https:\/\/contraloriaestadoamazonas.gob.ve\/amz\/wp-json\/wp\/v2\/categories?post=4359"},{"taxonomy":"post_tag","embeddable":true,"href":"https:\/\/contraloriaestadoamazonas.gob.ve\/amz\/wp-json\/wp\/v2\/tags?post=4359"}],"curies":[{"name":"wp","href":"https:\/\/api.w.org\/{rel}","templated":true}]}}