{"id":4370,"date":"2015-11-24T09:25:35","date_gmt":"2015-11-24T13:55:35","guid":{"rendered":"http:\/\/www.contraloriaestadoamazonas.gob.ve\/amz\/?p=4370"},"modified":"2015-11-24T09:25:35","modified_gmt":"2015-11-24T13:55:35","slug":"contraloria-del-estado-amazonas-promoviendo-la-contraloria-social","status":"publish","type":"post","link":"https:\/\/contraloriaestadoamazonas.gob.ve\/amz\/2015\/11\/contraloria-del-estado-amazonas-promoviendo-la-contraloria-social\/","title":{"rendered":"Contraloria del Estado Amazonas promoviendo la Contraloria Social"},"content":{"rendered":"<p style=\"text-align: justify;\"><a href=\"http:\/\/www.contraloriaestadoamazonas.gob.ve\/amz\/wp-content\/uploads\/2015\/11\/DSC06656_Fotor_Collage.jpg\"><img loading=\"lazy\" decoding=\"async\" class=\"aligncenter size-medium wp-image-4371\" src=\"http:\/\/www.contraloriaestadoamazonas.gob.ve\/amz\/wp-content\/uploads\/2015\/11\/DSC06656_Fotor_Collage-300x300.jpg\" alt=\"DSC06656_Fotor_Collage\" width=\"300\" height=\"300\" srcset=\"https:\/\/contraloriaestadoamazonas.gob.ve\/amz\/wp-content\/uploads\/2015\/11\/DSC06656_Fotor_Collage-300x300.jpg 300w, https:\/\/contraloriaestadoamazonas.gob.ve\/amz\/wp-content\/uploads\/2015\/11\/DSC06656_Fotor_Collage-150x150.jpg 150w, https:\/\/contraloriaestadoamazonas.gob.ve\/amz\/wp-content\/uploads\/2015\/11\/DSC06656_Fotor_Collage-1024x1024.jpg 1024w\" sizes=\"auto, (max-width: 300px) 100vw, 300px\" \/><\/a><\/p>\n<p style=\"text-align: justify;\"><span style=\"color: #000000;\"><strong>Contraloria del Estado Amazonas promoviendo la Contraloria Social<\/strong><\/span><\/p>\n<p style=\"text-align: justify;\"><span style=\"color: #000000;\">La Contraloria del Estado Amazonas a trav\u00e9s de la Oficina de Atenci\u00f3n al Ciudadano y en coordinaci\u00f3n con SAFONAPP, est\u00e1 en la calle promoviendo la Contraloria Social y la Participaci\u00f3n Ciudadana, a la fecha se han capacitado setenta y cinco (75) voceras, voceros y representantes de 19 consejos comunales del Estado Amazonas.<\/span><\/p>\n<p style=\"text-align: justify;\"><span style=\"color: #000000;\">El d\u00eda Jueves 29\/10\/2015, en el Sal\u00f3n de Usos M\u00faltiples \u201cDr. Clodosbaldo Russian Uzc\u00e1tegui\u201d, de la Contralor\u00eda del Estado Amazonas, donde se dict\u00f3 el Taller de Contrataciones P\u00fablicas y Contralor\u00eda Social y \u00c9tica, dirigido a los integrantes de los Consejos Comunales: Aserradero Norte; San Antonio; La Quebrada; Francisco de Miranda; Santa Eduvigis; Botell\u00f3n de Agua Linda; Piedrita Norte; Sector Culebra; El Mangal; Llano Alto; Alto Carinagua Medio; Sondas de Cataniapo; Piedrita Norte y Sur, para un total de treinta y nueve (39) participantes.<\/span><!--more--><!--more--><\/p>\n<p style=\"text-align: justify;\"><span style=\"color: #000000;\">El d\u00eda viernes 30\/10\/2015, en la comunidad \u201cRinc\u00f3n de Sabaneta\u201d, v\u00eda eje carretero norte, Municipio Autana del Estado Amazonas, se dict\u00f3 el Taller de Contralor\u00eda Ind\u00edgena y Contralor\u00eda Social y \u00c9tica, dirigido a los integrantes del Consejo Comunal de esta comunidad con una participaci\u00f3n de catorce (14) voceros y voceras comunitarios.<\/span><\/p>\n<p style=\"text-align: justify;\"><span style=\"color: #000000;\">El d\u00eda mi\u00e9rcoles 18\/11\/2015, en la comunidad \u201cEl Granzonal\u201d, v\u00eda eje carretero norte, Parroquia Parhue\u00f1a, Municipio Atures del Estado Amazonas, se dict\u00f3 el Taller de Contrataciones P\u00fablicas\u00a0 y Contralor\u00eda Social y \u00c9tica, dirigido a los integrantes del Consejo Comunal Granzonal y del Consejo Comunal \u201cLa Fuerza es la Uni\u00f3n\u201d, para un total de diez (10) participantes.<\/span><\/p>\n<p style=\"text-align: justify;\"><span style=\"color: #000000;\">El d\u00eda Jueves 19\/10\/2015, en la comunidad \u201cLa Felicidad\u201d, v\u00eda eje carretero norte, Parroquia Parhue\u00f1a, Municipio Atures del Estado Amazonas, se dicto el Taller de Contrataciones P\u00fablicas\u00a0 y Contralor\u00eda Social y \u00c9tica, dirigido a los integrantes del Consejo Comunal \u201cLa Felicidad\u201d y\u00a0 Consejo Comunal\u00a0 \u201cRinc\u00f3n Brisas de Payaraima\u201d, para un total de doce (12) participantes.<\/span><\/p>\n<p style=\"text-align: justify;\"><span style=\"color: #000000;\">Esta labor de fortalecimiento del poder popular se viene realizando en las diferentes parroquias y comunidades del estado Amazonas \u00a0y se encuentra enmarcado en el Plan Operativo Institucional 2015, el cual est\u00e1 ajustado a los preceptos definidos en la Ley del Plan de la Patria, que define el Segundo Plan Socialista de Desarrollo Econ\u00f3mico y Social de la Naci\u00f3n para el periodo 2013-2019, as\u00ed como los lineamientos establecidos por el Contralor General de la Republica, Dr. Manuel Galindo Ballesteros, cuando se\u00f1ala que \u201ces mejor prevenir y educar antes de sancionar\u201d, por lo cual en acciones conjuntas con diferentes instituciones del estado, mediante el <em>PROGRAMA PARA EL FORTALECIMIENTO DEL PODER POPULAR A TRAVES DEL CONTROL SOCIAL<\/em>, se busca atacar el flagelo de la corrupci\u00f3n, ense\u00f1ando y capacitando a los ciudadanos, consejos comunales y comunas, en materia de control social, as\u00ed como el proceso correspondiente a la rendici\u00f3n de cuentas de manera oportuna, garantizando as\u00ed la transparencia en el manejo de los recursos p\u00fablicos que les son asignados para la ejecuci\u00f3n de los proyectos en sus comunidades. Por SAFONAPP se cont\u00f3 con la participaci\u00f3n del Licdo. Alirio Albarr\u00e1n, quien expuso en las diferentes actividades los contenidos relacionados con la rendici\u00f3n de cuentas y la gu\u00eda para el registro de las operaciones administrativas, econ\u00f3micas y financieras de las Organizaciones de Base del Poder Popular, con la finalidad de promover la participaci\u00f3n ciudadana a trav\u00e9s del control social.<\/span><\/p>\n<p style=\"text-align: justify;\"><span style=\"color: #000000;\">\u201cContralores y Contraloras somos todos\u201d<\/span><\/p>\n","protected":false},"excerpt":{"rendered":"<p>Contraloria del Estado Amazonas promoviendo la Contraloria Social La Contraloria del Estado Amazonas a trav\u00e9s de la Oficina de Atenci\u00f3n al Ciudadano y en coordinaci\u00f3n con SAFONAPP, est\u00e1 en la calle promoviendo la Contraloria Social y la Participaci\u00f3n Ciudadana, a &hellip; <a class=\"more-link\" href=\"https:\/\/contraloriaestadoamazonas.gob.ve\/amz\/2015\/11\/contraloria-del-estado-amazonas-promoviendo-la-contraloria-social\/\">Sigue leyendo <span class=\"meta-nav\">&rarr;<\/span><\/a><\/p>\n","protected":false},"author":8,"featured_media":0,"comment_status":"closed","ping_status":"closed","sticky":false,"template":"","format":"standard","meta":{"footnotes":""},"categories":[55],"tags":[],"class_list":["post-4370","post","type-post","status-publish","format-standard","hentry","category-noticias-cea"],"_links":{"self":[{"href":"https:\/\/contraloriaestadoamazonas.gob.ve\/amz\/wp-json\/wp\/v2\/posts\/4370","targetHints":{"allow":["GET"]}}],"collection":[{"href":"https:\/\/contraloriaestadoamazonas.gob.ve\/amz\/wp-json\/wp\/v2\/posts"}],"about":[{"href":"https:\/\/contraloriaestadoamazonas.gob.ve\/amz\/wp-json\/wp\/v2\/types\/post"}],"author":[{"embeddable":true,"href":"https:\/\/contraloriaestadoamazonas.gob.ve\/amz\/wp-json\/wp\/v2\/users\/8"}],"replies":[{"embeddable":true,"href":"https:\/\/contraloriaestadoamazonas.gob.ve\/amz\/wp-json\/wp\/v2\/comments?post=4370"}],"version-history":[{"count":2,"href":"https:\/\/contraloriaestadoamazonas.gob.ve\/amz\/wp-json\/wp\/v2\/posts\/4370\/revisions"}],"predecessor-version":[{"id":4373,"href":"https:\/\/contraloriaestadoamazonas.gob.ve\/amz\/wp-json\/wp\/v2\/posts\/4370\/revisions\/4373"}],"wp:attachment":[{"href":"https:\/\/contraloriaestadoamazonas.gob.ve\/amz\/wp-json\/wp\/v2\/media?parent=4370"}],"wp:term":[{"taxonomy":"category","embeddable":true,"href":"https:\/\/contraloriaestadoamazonas.gob.ve\/amz\/wp-json\/wp\/v2\/categories?post=4370"},{"taxonomy":"post_tag","embeddable":true,"href":"https:\/\/contraloriaestadoamazonas.gob.ve\/amz\/wp-json\/wp\/v2\/tags?post=4370"}],"curies":[{"name":"wp","href":"https:\/\/api.w.org\/{rel}","templated":true}]}}