{"id":4377,"date":"2015-12-01T14:29:16","date_gmt":"2015-12-01T18:59:16","guid":{"rendered":"http:\/\/www.contraloriaestadoamazonas.gob.ve\/amz\/?p=4377"},"modified":"2015-12-01T14:32:57","modified_gmt":"2015-12-01T19:02:57","slug":"la-cgr-realizo-jornada-para-la-adquisicion-de-alimentos-de-la-cesta-basica-e-ingredientes-del-plato-navideno","status":"publish","type":"post","link":"https:\/\/contraloriaestadoamazonas.gob.ve\/amz\/2015\/12\/la-cgr-realizo-jornada-para-la-adquisicion-de-alimentos-de-la-cesta-basica-e-ingredientes-del-plato-navideno\/","title":{"rendered":"La CGR realiz\u00f3 jornada para la adquisici\u00f3n de alimentos de la cesta b\u00e1sica e ingredientes del plato navide\u00f1o"},"content":{"rendered":"<p style=\"text-align: justify;\"><a href=\"http:\/\/www.contraloriaestadoamazonas.gob.ve\/amz\/wp-content\/uploads\/2015\/12\/Contralor_Compra.jpg\"><img loading=\"lazy\" decoding=\"async\" class=\"aligncenter size-medium wp-image-4378\" src=\"http:\/\/www.contraloriaestadoamazonas.gob.ve\/amz\/wp-content\/uploads\/2015\/12\/Contralor_Compra-300x300.jpg\" alt=\"Contralor_Compra\" width=\"300\" height=\"300\" srcset=\"https:\/\/contraloriaestadoamazonas.gob.ve\/amz\/wp-content\/uploads\/2015\/12\/Contralor_Compra-300x300.jpg 300w, https:\/\/contraloriaestadoamazonas.gob.ve\/amz\/wp-content\/uploads\/2015\/12\/Contralor_Compra-150x150.jpg 150w, https:\/\/contraloriaestadoamazonas.gob.ve\/amz\/wp-content\/uploads\/2015\/12\/Contralor_Compra-1024x1024.jpg 1024w\" sizes=\"auto, (max-width: 300px) 100vw, 300px\" \/><\/a><span style=\"color: #000000;\">En el estacionamiento del edificio sede de la CGR<\/span><\/p>\n<p style=\"text-align: justify;\"><strong><span style=\"color: #000000;\">La CGR realiz\u00f3 jornada para la adquisici\u00f3n de alimentos de la cesta b\u00e1sica e ingredientes del plato navide\u00f1o<\/span><\/strong><\/p>\n<p style=\"text-align: justify;\"><span style=\"color: #000000;\">\u2022 El Contralor General, Dr. Manuel Enrique Galindo Ballesteros, resalt\u00f3 que los operativos para la compra de productos de la cesta b\u00e1sica en mercados a cielo abierto \u201ces una lucha contra la guerra econ\u00f3mica y el acaparamiento, que afecta a todo el pueblo venezolano, pero m\u00e1s a la clase baja\u201d<\/span><!--more--><!--more--><\/p>\n<p style=\"text-align: justify;\"><span style=\"color: #000000;\">La Contralor\u00eda General de la Rep\u00fablica Bolivariana de Venezuela realiz\u00f3 conjuntamente con el Ministerio del Poder Popular para la Alimentaci\u00f3n, una jornada para la compra de productos de la cesta b\u00e1sica e ingredientes del plato navide\u00f1o, con el que se beneficiaron las servidoras y servidores p\u00fablicos de dicha Instituci\u00f3n, quienes adquirieron arroz, harina de ma\u00edz, aceite comestible, pasta, salsa de tomate, at\u00fan, sardina, sal, az\u00facar, carne, pernil, pollo; adem\u00e1s de detergente, papel higi\u00e9nico y servilletas. <\/span><\/p>\n<p style=\"text-align: justify;\"><span style=\"color: #000000;\">La M\u00e1xima Autoridad Contralora, Dr. Manuel Enrique Galindo Ballesteros, expres\u00f3 su agradecimiento, al ministro del Poder Popular para la Alimentaci\u00f3n, M\/G Carlos Osorio, al presidente de Pdval, Gustavo Cabello, y al presidente de Abastos Bicentenarios S.A., Anderson Medina, por la cooperaci\u00f3n que hizo posible el operativo, en el estacionamiento de la CGR. Tambi\u00e9n, resalt\u00f3 que los mercados a cielo abierto para la adquisici\u00f3n de los principales productos de la cesta b\u00e1sica \u201ces una lucha contra la guerra econ\u00f3mica y el acaparamiento, que afecta a todo el pueblo venezolano, pero m\u00e1s a la clase baja\u201d. <\/span><\/p>\n<p style=\"text-align: justify;\"><span style=\"color: #000000;\">El Contralor General, Galindo Ballesteros, agreg\u00f3 que con esta actividad se fortalecen las instrucciones del presidente de la Rep\u00fablica Bolivariana de Venezuela, Nicol\u00e1s Maduro Moros, de garantizar, proteger y beneficiar a todas las trabajadoras y trabajadores del Estado mediante las misiones sociales. <\/span><\/p>\n<p style=\"text-align: justify;\"><strong><span style=\"color: #000000;\">Ya tenemos nuestro plato navide\u00f1o seguro<\/span><\/strong><\/p>\n<p style=\"text-align: justify;\"><span style=\"color: #000000;\">Por su parte, Daniela Cortez, servidora de la direcci\u00f3n de Planificaci\u00f3n, Organizaci\u00f3n Y Desarrollo, coment\u00f3: \u201cMe parece excelente que las autoridades de la Contralor\u00eda General de la Rep\u00fablica siempre tomen en cuenta a su personal y traigan este tipo de operativos a nuestro lugar de trabajo\u201d, al tiempo que propuso que se realizar\u00e1n m\u00e1s a menudo, porque \u201ca veces no alcanza el tiempo para ir a un mercado o supermercado a comprar los rubros que se consiguen exorbitantemente caros.<\/span><\/p>\n<p style=\"text-align: justify;\"><span style=\"color: #000000;\">En este contexto, Gustavo Vega jubilado de la CGR manifest\u00f3 que las jornadas de alimentos son de gran ayuda para el personal activo y jubilado m\u00e1s ahora cuando se aproximan las fiestas navide\u00f1as, \u201cy los precios de los productos se encuentran al alcance del bolsillo de todas y todos. Ya tenemos nuestro plato navide\u00f1o seguro\u201d.<\/span><\/p>\n","protected":false},"excerpt":{"rendered":"<p>En el estacionamiento del edificio sede de la CGR La CGR realiz\u00f3 jornada para la adquisici\u00f3n de alimentos de la cesta b\u00e1sica e ingredientes del plato navide\u00f1o \u2022 El Contralor General, Dr. Manuel Enrique Galindo Ballesteros, resalt\u00f3 que los operativos &hellip; <a class=\"more-link\" href=\"https:\/\/contraloriaestadoamazonas.gob.ve\/amz\/2015\/12\/la-cgr-realizo-jornada-para-la-adquisicion-de-alimentos-de-la-cesta-basica-e-ingredientes-del-plato-navideno\/\">Sigue leyendo <span class=\"meta-nav\">&rarr;<\/span><\/a><\/p>\n","protected":false},"author":10,"featured_media":0,"comment_status":"closed","ping_status":"closed","sticky":false,"template":"","format":"standard","meta":{"footnotes":""},"categories":[54],"tags":[],"class_list":["post-4377","post","type-post","status-publish","format-standard","hentry","category-noticias-cgr"],"_links":{"self":[{"href":"https:\/\/contraloriaestadoamazonas.gob.ve\/amz\/wp-json\/wp\/v2\/posts\/4377","targetHints":{"allow":["GET"]}}],"collection":[{"href":"https:\/\/contraloriaestadoamazonas.gob.ve\/amz\/wp-json\/wp\/v2\/posts"}],"about":[{"href":"https:\/\/contraloriaestadoamazonas.gob.ve\/amz\/wp-json\/wp\/v2\/types\/post"}],"author":[{"embeddable":true,"href":"https:\/\/contraloriaestadoamazonas.gob.ve\/amz\/wp-json\/wp\/v2\/users\/10"}],"replies":[{"embeddable":true,"href":"https:\/\/contraloriaestadoamazonas.gob.ve\/amz\/wp-json\/wp\/v2\/comments?post=4377"}],"version-history":[{"count":3,"href":"https:\/\/contraloriaestadoamazonas.gob.ve\/amz\/wp-json\/wp\/v2\/posts\/4377\/revisions"}],"predecessor-version":[{"id":4381,"href":"https:\/\/contraloriaestadoamazonas.gob.ve\/amz\/wp-json\/wp\/v2\/posts\/4377\/revisions\/4381"}],"wp:attachment":[{"href":"https:\/\/contraloriaestadoamazonas.gob.ve\/amz\/wp-json\/wp\/v2\/media?parent=4377"}],"wp:term":[{"taxonomy":"category","embeddable":true,"href":"https:\/\/contraloriaestadoamazonas.gob.ve\/amz\/wp-json\/wp\/v2\/categories?post=4377"},{"taxonomy":"post_tag","embeddable":true,"href":"https:\/\/contraloriaestadoamazonas.gob.ve\/amz\/wp-json\/wp\/v2\/tags?post=4377"}],"curies":[{"name":"wp","href":"https:\/\/api.w.org\/{rel}","templated":true}]}}