{"id":4492,"date":"2016-04-25T08:46:03","date_gmt":"2016-04-25T13:16:03","guid":{"rendered":"http:\/\/www.contraloriaestadoamazonas.gob.ve\/amz\/?p=4492"},"modified":"2016-04-25T08:46:03","modified_gmt":"2016-04-25T13:16:03","slug":"el-consejo-moral-republicano-celebra-un-ano-del-programa-escuela-con-las-familias","status":"publish","type":"post","link":"https:\/\/contraloriaestadoamazonas.gob.ve\/amz\/2016\/04\/el-consejo-moral-republicano-celebra-un-ano-del-programa-escuela-con-las-familias\/","title":{"rendered":"El Consejo Moral Republicano celebra un a\u00f1o del programa Escuela con las Familias"},"content":{"rendered":"<p style=\"text-align: justify;\"><a href=\"http:\/\/www.contraloriaestadoamazonas.gob.ve\/amz\/wp-content\/uploads\/2016\/04\/3-Marca-de-Agua.jpg\"><img loading=\"lazy\" decoding=\"async\" class=\"aligncenter size-medium wp-image-4493\" src=\"http:\/\/www.contraloriaestadoamazonas.gob.ve\/amz\/wp-content\/uploads\/2016\/04\/3-Marca-de-Agua-300x200.jpg\" alt=\"3-Marca de Agua\" width=\"300\" height=\"200\" srcset=\"https:\/\/contraloriaestadoamazonas.gob.ve\/amz\/wp-content\/uploads\/2016\/04\/3-Marca-de-Agua-300x200.jpg 300w, https:\/\/contraloriaestadoamazonas.gob.ve\/amz\/wp-content\/uploads\/2016\/04\/3-Marca-de-Agua-768x512.jpg 768w, https:\/\/contraloriaestadoamazonas.gob.ve\/amz\/wp-content\/uploads\/2016\/04\/3-Marca-de-Agua.jpg 900w\" sizes=\"auto, (max-width: 300px) 100vw, 300px\" \/><\/a><span style=\"color: #000000;\">En el Complejo Educativo Bolivariano Ferm\u00edn Toro<\/span><\/p>\n<p style=\"text-align: justify;\"><strong><span style=\"color: #000000;\">El Consejo Moral Republicano celebra un a\u00f1o del programa <em>Escuela con las Familias<\/em><\/span><\/strong><\/p>\n<p style=\"text-align: justify;\"><span style=\"color: #000000;\">El presidente del Consejo Moral Republicano y Contralor General de la Rep\u00fablica, Dr. Manuel Enrique Galindo Ballesteros, exhort\u00f3 al ministro del Poder Popular para la Educaci\u00f3n, y a todos los representantes de las zonas educativas a escala nacional, a cooperar en la ampliaci\u00f3n del programa de formaci\u00f3n ciudadana en todos los planteles educativos.<\/span><!--more--><!--more--><\/p>\n<p style=\"text-align: justify;\"><span style=\"color: #000000;\">El Complejo Educativo Bolivariano Ferm\u00edn Toro conjuntamente con el Consejo Moral Republicano brind\u00f3 una actividad para dar a conocer los resultados obtenidos, al cabo de un a\u00f1o, del programa \u201cEscuela con las Familias\u201d en donde se intercambiaron opiniones de las y los participantes, entre padres, representantes, alumnos y la comunidad en general, a fin de mejorar la comunicaci\u00f3n y la estructura del plantel educativo.<\/span><\/p>\n<p style=\"text-align: justify;\"><span style=\"color: #000000;\">Galindo Ballesteros expres\u00f3 que el taller \u201cEscuela con la Familia\u201d le permite al maestro llevar una mejor comunicaci\u00f3n con el alumno para orientarlo, ya que al pasar de los a\u00f1os se ha ido perdiendo el respeto. Tambi\u00e9n, exhort\u00f3 al ministro del Poder Popular para la Educaci\u00f3n, y a todos los representantes de las zonas educativas a escala nacional, a cooperar en la ampliaci\u00f3n del programa de formaci\u00f3n ciudadana en todos los planteles educativos. Asimismo, afirm\u00f3 que estas charlas tambi\u00e9n integran a la comunidad en la escuela y es un logro del Poder Ciudadano a trav\u00e9s del Consejo Moral Republicano, \u201cgracias a la doctrina del Libertador Sim\u00f3n Bol\u00edvar, que sigui\u00f3 el comandante Hugo Ch\u00e1vez y contin\u00faa el presidente Nicol\u00e1s Maduro Moros, quien sigue practicando esas ense\u00f1anzas para mejorar d\u00eda a d\u00eda la educaci\u00f3n\u201d.<\/span><\/p>\n<p style=\"text-align: justify;\"><span style=\"color: #000000;\">Por su parte, Pedro Sosa, docente promotor del Programa de Formaci\u00f3n Ciudadana, agradeci\u00f3 la participaci\u00f3n de los alumnos, representantes y de la comunidad por integrar y hacer posible la mejora del centro educativo. Igualmente,\u00a0 reconoci\u00f3 el apoyo del Consejo Moral Republicano por brindar su tiempo y conocimiento.<\/span><\/p>\n<p style=\"text-align: justify;\"><span style=\"color: #000000;\">Asimismo, Ana Karina Lugo, vocera del taller de formaci\u00f3n, dijo que esta actividad le ha permitido colaborar con los docentes, ayudando diariamente con las tareas que les asignan a sus hijos, \u201cya que la educaci\u00f3n comienza por la casa\u201d.<\/span><\/p>\n<p style=\"text-align: justify;\"><span style=\"color: #000000;\">Para finalizar la actividad, el alumno del Complejo Educativo Bolivariano Ferm\u00edn Toro, Carlos Lugo, brind\u00f3 una presentaci\u00f3n musical con una canci\u00f3n de su autor\u00eda, basada en las situaciones que actualmente afectan al pa\u00eds, inspirado en la m\u00fasica original de la pieza \u201cMoliendo Caf\u00e9\u201d del compositor venezolano Hugo Blanco.\u00a0<\/span><\/p>\n<p>&nbsp;<\/p>\n","protected":false},"excerpt":{"rendered":"<p>En el Complejo Educativo Bolivariano Ferm\u00edn Toro El Consejo Moral Republicano celebra un a\u00f1o del programa Escuela con las Familias El presidente del Consejo Moral Republicano y Contralor General de la Rep\u00fablica, Dr. Manuel Enrique Galindo Ballesteros, exhort\u00f3 al ministro &hellip; <a class=\"more-link\" href=\"https:\/\/contraloriaestadoamazonas.gob.ve\/amz\/2016\/04\/el-consejo-moral-republicano-celebra-un-ano-del-programa-escuela-con-las-familias\/\">Sigue leyendo <span class=\"meta-nav\">&rarr;<\/span><\/a><\/p>\n","protected":false},"author":10,"featured_media":0,"comment_status":"closed","ping_status":"closed","sticky":false,"template":"","format":"standard","meta":{"footnotes":""},"categories":[54],"tags":[],"class_list":["post-4492","post","type-post","status-publish","format-standard","hentry","category-noticias-cgr"],"_links":{"self":[{"href":"https:\/\/contraloriaestadoamazonas.gob.ve\/amz\/wp-json\/wp\/v2\/posts\/4492","targetHints":{"allow":["GET"]}}],"collection":[{"href":"https:\/\/contraloriaestadoamazonas.gob.ve\/amz\/wp-json\/wp\/v2\/posts"}],"about":[{"href":"https:\/\/contraloriaestadoamazonas.gob.ve\/amz\/wp-json\/wp\/v2\/types\/post"}],"author":[{"embeddable":true,"href":"https:\/\/contraloriaestadoamazonas.gob.ve\/amz\/wp-json\/wp\/v2\/users\/10"}],"replies":[{"embeddable":true,"href":"https:\/\/contraloriaestadoamazonas.gob.ve\/amz\/wp-json\/wp\/v2\/comments?post=4492"}],"version-history":[{"count":2,"href":"https:\/\/contraloriaestadoamazonas.gob.ve\/amz\/wp-json\/wp\/v2\/posts\/4492\/revisions"}],"predecessor-version":[{"id":4495,"href":"https:\/\/contraloriaestadoamazonas.gob.ve\/amz\/wp-json\/wp\/v2\/posts\/4492\/revisions\/4495"}],"wp:attachment":[{"href":"https:\/\/contraloriaestadoamazonas.gob.ve\/amz\/wp-json\/wp\/v2\/media?parent=4492"}],"wp:term":[{"taxonomy":"category","embeddable":true,"href":"https:\/\/contraloriaestadoamazonas.gob.ve\/amz\/wp-json\/wp\/v2\/categories?post=4492"},{"taxonomy":"post_tag","embeddable":true,"href":"https:\/\/contraloriaestadoamazonas.gob.ve\/amz\/wp-json\/wp\/v2\/tags?post=4492"}],"curies":[{"name":"wp","href":"https:\/\/api.w.org\/{rel}","templated":true}]}}