{"id":4496,"date":"2016-04-27T00:45:20","date_gmt":"2016-04-27T05:15:20","guid":{"rendered":"http:\/\/www.contraloriaestadoamazonas.gob.ve\/amz\/?p=4496"},"modified":"2016-04-27T00:45:20","modified_gmt":"2016-04-27T05:15:20","slug":"contraloria-general-de-la-republica-celebra-el-46-aniversario-de-cofae","status":"publish","type":"post","link":"https:\/\/contraloriaestadoamazonas.gob.ve\/amz\/2016\/04\/contraloria-general-de-la-republica-celebra-el-46-aniversario-de-cofae\/","title":{"rendered":"Contralor\u00eda General de la Rep\u00fablica celebra el 46\u00b0 aniversario de Cofae"},"content":{"rendered":"<p style=\"text-align: justify;\"><a href=\"http:\/\/www.contraloriaestadoamazonas.gob.ve\/amz\/wp-content\/uploads\/2016\/04\/2-1.jpg\"><img loading=\"lazy\" decoding=\"async\" class=\"aligncenter size-medium wp-image-4497\" src=\"http:\/\/www.contraloriaestadoamazonas.gob.ve\/amz\/wp-content\/uploads\/2016\/04\/2-1-300x199.jpg\" alt=\"2\" width=\"300\" height=\"199\" srcset=\"https:\/\/contraloriaestadoamazonas.gob.ve\/amz\/wp-content\/uploads\/2016\/04\/2-1-300x199.jpg 300w, https:\/\/contraloriaestadoamazonas.gob.ve\/amz\/wp-content\/uploads\/2016\/04\/2-1-768x510.jpg 768w, https:\/\/contraloriaestadoamazonas.gob.ve\/amz\/wp-content\/uploads\/2016\/04\/2-1.jpg 900w\" sizes=\"auto, (max-width: 300px) 100vw, 300px\" \/><\/a><span style=\"color: #000000;\">En el Auditorio \u201cContralor Luis A. Prietri\u201d<\/span><\/p>\n<p style=\"text-align: justify;\"><strong><span style=\"color: #000000;\">Contralor\u00eda General de la Rep\u00fablica celebra el 46\u00b0 aniversario de Cofae<\/span><\/strong><\/p>\n<ul style=\"text-align: justify;\">\n<li><span style=\"color: #000000;\">El Contralor General de la Rep\u00fablica, Dr. Manuel Galindo Ballesteros en el marco de la celebraci\u00f3n del cuadrag\u00e9simo sexto aniversario de Cofae, invit\u00f3 al p\u00fablico presente a que se diga en la calle que \u201cla CGR no hace pol\u00edtica, pero tampoco puede ser apol\u00edtica porque nos regimos por leyes de car\u00e1cter pol\u00edtico\u201d<\/span><\/li>\n<\/ul>\n<p style=\"text-align: justify;\"><span style=\"color: #000000;\">En el marco de la celebraci\u00f3n del cuadrag\u00e9simo sexto aniversario del Instituto de Altos Estudios de Control Fiscal y Auditor\u00eda de estado \u201cFundaci\u00f3n Gumersindo Torres\u201d (Cofae), la Contralor\u00eda General de la Rep\u00fablica Bolivariana de Venezuela brind\u00f3 apertura a la exposici\u00f3n itinerante \u201cLa historia a trav\u00e9s del cine venezolano\u201d, a fin de dar a conocer el valioso trabajo fotogr\u00e1fico y de vestuarios realizados por la Fundaci\u00f3n Villa del Cine, la cual ense\u00f1a a la poblaci\u00f3n venezolana sobre los hechos y acontecimientos hist\u00f3ricos de Venezuela.<\/span><!--more--><!--more--><\/p>\n<p style=\"text-align: justify;\"><span style=\"color: #000000;\">El Contralor General de la Rep\u00fablica Bolivariana de Venezuela, Dr. Manuel Galindo Ballesteros,\u00a0 expres\u00f3 que la CGR no persigue personas, \u201cni pol\u00edticos, ni funcionarios de un bando o de otro\u201d. \u201cLos invito a que se diga en la calle que la Contralor\u00eda General no hace pol\u00edtica, pero tampoco puede ser apol\u00edtica porque nos regimos por leyes de car\u00e1cter pol\u00edtico\u201d. De igual forma, dio las gracias a todo el equipo que labora diariamente en Cofae por los 46 a\u00f1os brindando educaci\u00f3n en materia de Control Fiscal y Auditorias de Estado. Tambi\u00e9n, agradeci\u00f3 al presidente de la Fundaci\u00f3n Villa del Cine, Lic. Jorge Antonio G\u00f3mez, y a todo su equipo multidisciplinario por aceptar la invitaci\u00f3n de la CGR para esta importante celebraci\u00f3n.<\/span><\/p>\n<p style=\"text-align: justify;\"><span style=\"color: #000000;\">Por su parte, el padre Misael Mart\u00ednez, sacerdote comunitario de la Divina Misericordia, resalt\u00f3 que la apariencia y el materialismo da\u00f1an al ser humano pero la mejor medicina es \u201cla espiritualidad manejada desde la humildad\u201d. \u201cTodos tenemos que integrarnos, unirnos como seres espirituales y dejar atr\u00e1s la clase, la ideolog\u00eda, la arrogancia y tenderle la mano al m\u00e1s necesitado, para ser engrandecidos como pueblo\u201d. Asimismo, les dio gracias al Dr. Manuel Galindo Ballesteros y a todas las servidoras y servidores de la Contralor\u00eda General de la Rep\u00fablica Bolivariana de Venezuela por la labor diaria como organismo. \u201cQue hoy en su cumplea\u00f1os 46 tenga una investidura especial de parte de Dios la\u00a0 \u201cFundaci\u00f3n Gumersindo Torres\u201d (Cofae) y que todos seamos personas espirituales y vivamos la vida con amor\u201d.<\/span><\/p>\n<p style=\"text-align: justify;\"><span style=\"color: #000000;\">En este sentido, el presidente de la Villa del Cine, Lic. Jorge Antonio G\u00f3mez, agradeci\u00f3 por la invitaci\u00f3n e hizo un llamado a ser contralores del mundo y de nuestras vidas y as\u00ed \u201cdarle amor a nuestra tierra\u201d. \u201cFelicitaciones a todo aquel hombre que sin recibir nada a cambio trabaja con voluntad propia\u201d.<\/span><\/p>\n","protected":false},"excerpt":{"rendered":"<p>En el Auditorio \u201cContralor Luis A. Prietri\u201d Contralor\u00eda General de la Rep\u00fablica celebra el 46\u00b0 aniversario de Cofae El Contralor General de la Rep\u00fablica, Dr. Manuel Galindo Ballesteros en el marco de la celebraci\u00f3n del cuadrag\u00e9simo sexto aniversario de Cofae, &hellip; <a class=\"more-link\" href=\"https:\/\/contraloriaestadoamazonas.gob.ve\/amz\/2016\/04\/contraloria-general-de-la-republica-celebra-el-46-aniversario-de-cofae\/\">Sigue leyendo <span class=\"meta-nav\">&rarr;<\/span><\/a><\/p>\n","protected":false},"author":10,"featured_media":0,"comment_status":"closed","ping_status":"closed","sticky":false,"template":"","format":"standard","meta":{"footnotes":""},"categories":[54],"tags":[],"class_list":["post-4496","post","type-post","status-publish","format-standard","hentry","category-noticias-cgr"],"_links":{"self":[{"href":"https:\/\/contraloriaestadoamazonas.gob.ve\/amz\/wp-json\/wp\/v2\/posts\/4496","targetHints":{"allow":["GET"]}}],"collection":[{"href":"https:\/\/contraloriaestadoamazonas.gob.ve\/amz\/wp-json\/wp\/v2\/posts"}],"about":[{"href":"https:\/\/contraloriaestadoamazonas.gob.ve\/amz\/wp-json\/wp\/v2\/types\/post"}],"author":[{"embeddable":true,"href":"https:\/\/contraloriaestadoamazonas.gob.ve\/amz\/wp-json\/wp\/v2\/users\/10"}],"replies":[{"embeddable":true,"href":"https:\/\/contraloriaestadoamazonas.gob.ve\/amz\/wp-json\/wp\/v2\/comments?post=4496"}],"version-history":[{"count":1,"href":"https:\/\/contraloriaestadoamazonas.gob.ve\/amz\/wp-json\/wp\/v2\/posts\/4496\/revisions"}],"predecessor-version":[{"id":4498,"href":"https:\/\/contraloriaestadoamazonas.gob.ve\/amz\/wp-json\/wp\/v2\/posts\/4496\/revisions\/4498"}],"wp:attachment":[{"href":"https:\/\/contraloriaestadoamazonas.gob.ve\/amz\/wp-json\/wp\/v2\/media?parent=4496"}],"wp:term":[{"taxonomy":"category","embeddable":true,"href":"https:\/\/contraloriaestadoamazonas.gob.ve\/amz\/wp-json\/wp\/v2\/categories?post=4496"},{"taxonomy":"post_tag","embeddable":true,"href":"https:\/\/contraloriaestadoamazonas.gob.ve\/amz\/wp-json\/wp\/v2\/tags?post=4496"}],"curies":[{"name":"wp","href":"https:\/\/api.w.org\/{rel}","templated":true}]}}