{"id":4502,"date":"2016-04-27T00:55:28","date_gmt":"2016-04-27T05:25:28","guid":{"rendered":"http:\/\/www.contraloriaestadoamazonas.gob.ve\/amz\/?p=4502"},"modified":"2016-04-27T00:55:28","modified_gmt":"2016-04-27T05:25:28","slug":"el-contralor-general-dio-inicio-a-las-actividades-de-formacion-al-poder-popular-en-materia-de-control-social-y-formacion-ciudadana","status":"publish","type":"post","link":"https:\/\/contraloriaestadoamazonas.gob.ve\/amz\/2016\/04\/el-contralor-general-dio-inicio-a-las-actividades-de-formacion-al-poder-popular-en-materia-de-control-social-y-formacion-ciudadana\/","title":{"rendered":"El contralor general dio inicio a las actividades de formaci\u00f3n al Poder Popular en materia de Control social y Formaci\u00f3n Ciudadana"},"content":{"rendered":"<p style=\"text-align: justify;\"><a href=\"http:\/\/www.contraloriaestadoamazonas.gob.ve\/amz\/wp-content\/uploads\/2016\/04\/Taller-de-FC-Marca-de-agua.jpg\"><img loading=\"lazy\" decoding=\"async\" class=\"aligncenter size-medium wp-image-4503\" src=\"http:\/\/www.contraloriaestadoamazonas.gob.ve\/amz\/wp-content\/uploads\/2016\/04\/Taller-de-FC-Marca-de-agua-300x200.jpg\" alt=\"Taller de FC-Marca de agua\" width=\"300\" height=\"200\" srcset=\"https:\/\/contraloriaestadoamazonas.gob.ve\/amz\/wp-content\/uploads\/2016\/04\/Taller-de-FC-Marca-de-agua-300x200.jpg 300w, https:\/\/contraloriaestadoamazonas.gob.ve\/amz\/wp-content\/uploads\/2016\/04\/Taller-de-FC-Marca-de-agua-768x512.jpg 768w, https:\/\/contraloriaestadoamazonas.gob.ve\/amz\/wp-content\/uploads\/2016\/04\/Taller-de-FC-Marca-de-agua.jpg 900w\" sizes=\"auto, (max-width: 300px) 100vw, 300px\" \/><\/a>En el marco del 46\u00b0aniversario de Cofae<\/p>\n<p style=\"text-align: justify;\"><strong>El contralor general dio inicio a las actividades de formaci\u00f3n al Poder Popular en materia de Control social y Formaci\u00f3n Ciudadana<\/strong><\/p>\n<ul style=\"text-align: justify;\">\n<li>En el marco del 46 aniversario de Instituto de Altos Estudios de Control Fiscal y Auditor\u00eda de estado Fundaci\u00f3n \u201cGumersindo Torres\u201d (Cofae), la Contralor\u00eda General de la Rep\u00fablica Bolivariana de Venezuela, dio inicio a las actividades de formaci\u00f3n en materia de control social y formaci\u00f3n ciudadanaalas voceras y voceros de la comuna \u201cSarria es una sola\u201d de la parroquia El Recreo, en Caracas<\/li>\n<\/ul>\n<p style=\"text-align: justify;\">La M\u00e1xima Autoridad Fiscalizadora, Dr. Manuel Galindo Ballesteros, resalt\u00f3 que es necesario fortalecer el conocimiento de las leyes que rigen la instituci\u00f3n que dirige, a trav\u00e9s del Plan Estrat\u00e9gico del Sistema Nacional de Control Fiscal, \u201cdel cual es protagonista el Poder Popular\u201d, que se les facilita las herramientas para que denuncien las presuntas irregularidades que existen en el Estado. Adem\u00e1s, se\u00f1al\u00f3 que el pa\u00eds atraviesa una situaci\u00f3n de muchas adversidades, entre ellas \u201cuna enmienda constitucional con la que se pretende revocar y recortar el mandato del presidente de la Rep\u00fablica, Nicol\u00e1s Maduro Moros. Expres\u00f3: \u201cMe atrevo a decir que ese refer\u00e9ndum o enmienda es total y absolutamente inconstitucional, por la simple raz\u00f3n que las leyes, las enmiendas y todo acto legislativo queda aprobado a partir de su publicaci\u00f3n en la Gaceta Oficial, es decir, que si se llegar\u00e1 aprobar la enmienda entrar\u00eda en vigencia para el otro presidente o presidenta electa, como se establece en el art\u00edculo 24 de la Constituci\u00f3n de la Rep\u00fablica Bolivariana de Venezuela\u201d.\u00a0<!--more--><!--more--><\/p>\n<p style=\"text-align: justify;\">En el marco de los 46 a\u00f1os de Cofae , Cristyn Quiroz, gerente acad\u00e9mico del ente adscrito a la CGR, expres\u00f3 que se tiene el honor de contar con la participaci\u00f3n de integrantes de la comuna \u201cSarria es una sola\u201d, quienes a trav\u00e9s de 6 m\u00f3dulos en los que se profundizar\u00e1 el contenido de las\u00a0 leyes del Poder Popular acompa\u00f1ado del marco jur\u00eddico fundamental \u201cse fomentar\u00e1 la participaci\u00f3n ciudadana y la contralor\u00eda social; la Contralor\u00eda General de la Rep\u00fablica estima abordar todas las comunidades aleda\u00f1as\u201d.<\/p>\n<p style=\"text-align: justify;\">Por su parte el director de Contralor\u00eda Social y jefe de la Oficina de Atenci\u00f3n al Ciudadano de la CGR,\u00a0 Ad\u00e1n Poleo, destac\u00f3 la importancia de la actividad\u00a0 ya que se les brindar\u00e1n herramientas al Poder Popular para el buen manejo de los recursos asignados por el Estado, para el mantenimiento y mejoras de las escuela, hospitales, entre otras estructuras que contribuyan a mejorar su calidad de vida\u201d.<\/p>\n","protected":false},"excerpt":{"rendered":"<p>En el marco del 46\u00b0aniversario de Cofae El contralor general dio inicio a las actividades de formaci\u00f3n al Poder Popular en materia de Control social y Formaci\u00f3n Ciudadana En el marco del 46 aniversario de Instituto de Altos Estudios de &hellip; <a class=\"more-link\" href=\"https:\/\/contraloriaestadoamazonas.gob.ve\/amz\/2016\/04\/el-contralor-general-dio-inicio-a-las-actividades-de-formacion-al-poder-popular-en-materia-de-control-social-y-formacion-ciudadana\/\">Sigue leyendo <span class=\"meta-nav\">&rarr;<\/span><\/a><\/p>\n","protected":false},"author":10,"featured_media":0,"comment_status":"closed","ping_status":"closed","sticky":false,"template":"","format":"standard","meta":{"footnotes":""},"categories":[54],"tags":[],"class_list":["post-4502","post","type-post","status-publish","format-standard","hentry","category-noticias-cgr"],"_links":{"self":[{"href":"https:\/\/contraloriaestadoamazonas.gob.ve\/amz\/wp-json\/wp\/v2\/posts\/4502","targetHints":{"allow":["GET"]}}],"collection":[{"href":"https:\/\/contraloriaestadoamazonas.gob.ve\/amz\/wp-json\/wp\/v2\/posts"}],"about":[{"href":"https:\/\/contraloriaestadoamazonas.gob.ve\/amz\/wp-json\/wp\/v2\/types\/post"}],"author":[{"embeddable":true,"href":"https:\/\/contraloriaestadoamazonas.gob.ve\/amz\/wp-json\/wp\/v2\/users\/10"}],"replies":[{"embeddable":true,"href":"https:\/\/contraloriaestadoamazonas.gob.ve\/amz\/wp-json\/wp\/v2\/comments?post=4502"}],"version-history":[{"count":2,"href":"https:\/\/contraloriaestadoamazonas.gob.ve\/amz\/wp-json\/wp\/v2\/posts\/4502\/revisions"}],"predecessor-version":[{"id":4505,"href":"https:\/\/contraloriaestadoamazonas.gob.ve\/amz\/wp-json\/wp\/v2\/posts\/4502\/revisions\/4505"}],"wp:attachment":[{"href":"https:\/\/contraloriaestadoamazonas.gob.ve\/amz\/wp-json\/wp\/v2\/media?parent=4502"}],"wp:term":[{"taxonomy":"category","embeddable":true,"href":"https:\/\/contraloriaestadoamazonas.gob.ve\/amz\/wp-json\/wp\/v2\/categories?post=4502"},{"taxonomy":"post_tag","embeddable":true,"href":"https:\/\/contraloriaestadoamazonas.gob.ve\/amz\/wp-json\/wp\/v2\/tags?post=4502"}],"curies":[{"name":"wp","href":"https:\/\/api.w.org\/{rel}","templated":true}]}}