{"id":4507,"date":"2016-05-03T11:13:18","date_gmt":"2016-05-03T15:43:18","guid":{"rendered":"http:\/\/www.contraloriaestadoamazonas.gob.ve\/amz\/?p=4507"},"modified":"2016-05-03T11:13:18","modified_gmt":"2016-05-03T15:43:18","slug":"contralor-general-anuncia-la-creacion-de-la-universidad-del-sistema-nacional-de-control-fiscal","status":"publish","type":"post","link":"https:\/\/contraloriaestadoamazonas.gob.ve\/amz\/2016\/05\/contralor-general-anuncia-la-creacion-de-la-universidad-del-sistema-nacional-de-control-fiscal\/","title":{"rendered":"Contralor General anuncia la creaci\u00f3n de la Universidad del Sistema Nacional de Control Fiscal"},"content":{"rendered":"<p style=\"text-align: justify;\"><a href=\"http:\/\/www.contraloriaestadoamazonas.gob.ve\/amz\/wp-content\/uploads\/2016\/05\/Foto-12.jpg\"><img loading=\"lazy\" decoding=\"async\" class=\"aligncenter size-medium wp-image-4508\" src=\"http:\/\/www.contraloriaestadoamazonas.gob.ve\/amz\/wp-content\/uploads\/2016\/05\/Foto-12-300x207.jpg\" alt=\"Foto 1(2)\" width=\"300\" height=\"207\" srcset=\"https:\/\/contraloriaestadoamazonas.gob.ve\/amz\/wp-content\/uploads\/2016\/05\/Foto-12-300x207.jpg 300w, https:\/\/contraloriaestadoamazonas.gob.ve\/amz\/wp-content\/uploads\/2016\/05\/Foto-12-768x531.jpg 768w, https:\/\/contraloriaestadoamazonas.gob.ve\/amz\/wp-content\/uploads\/2016\/05\/Foto-12.jpg 900w\" sizes=\"auto, (max-width: 300px) 100vw, 300px\" \/><\/a><strong><span style=\"color: #000000;\">Contralor General anuncia la creaci\u00f3n de la Universidad del Sistema Nacional de Control Fiscal<\/span><\/strong><\/p>\n<ul style=\"text-align: justify;\">\n<li><span style=\"color: #000000;\">Galindo Ballesteros resalt\u00f3 que Cofae \u201ces una Instituci\u00f3n que ha perfeccionado su filosof\u00eda educativa fundamentada en los valores transcendentales de la humanidad, la \u00e9tica p\u00fablica, la moral administrativa, la cultura de protecci\u00f3n al medio ambiente y la conciencia del deber social para desarrollar competencias profesionales\u201d.<\/span><\/li>\n<\/ul>\n<p style=\"text-align: justify;\"><span style=\"color: #000000;\">El Contralor General de la Rep\u00fablica Bolivariana de Venezuela, Manuel Enrique Galindo Ballesteros, en el marco de la celebraci\u00f3n del 46\u00b0 aniversario del Instituto de Altos Estudios de Control Fiscal y Auditor\u00eda de Estado \u201cFundaci\u00f3n Gumersindo Torres\u201d (Cofae), anunci\u00f3 la creaci\u00f3n de la Universidad del Sistema Nacional de Control Fiscal para el pr\u00f3ximo a\u00f1o 2017, e invit\u00f3 a todos los miembros de Cofae a unirse con los directores generales y sectoriales de la Contralor\u00eda General para que \u201cjuntos, trabajemos por este nuevo reto\u201d. De igual manera, indic\u00f3 que esta Universidad deber\u00e1 estar dotada de competencias legales para expedir t\u00edtulos educativos en pregrado y consolidarla en Latinoam\u00e9rica como una acreditada comunidad de\u00a0 conocimientos en Control Fiscal y Auditor\u00eda de Estado.<\/span><!--more--><\/p>\n<p style=\"text-align: justify;\"><span style=\"color: #000000;\">Asimismo, el representante del M\u00e1ximo \u00d3rgano de Control resalt\u00f3 que Cofae ha tenido, desde su creaci\u00f3n en el a\u00f1o 1970, una constante evoluci\u00f3n y avance en ofertas acad\u00e9micas ofrecidas al Sistema Nacional de Control Fiscal y a las instituciones de la administraci\u00f3n p\u00fablica en general, para la capacitaci\u00f3n y formaci\u00f3n de servidoras y servidores vinculados a las \u00e1reas de Control Fiscal, Auditor\u00eda de Estado, Derecho, Inform\u00e1tica, Idiomas y tem\u00e1ticas que permitan el mejoramiento intelectual, te\u00f3rico y pr\u00e1ctico de quienes laboran en el Estado venezolano.<\/span><\/p>\n<p style=\"text-align: justify;\"><span style=\"color: #000000;\">Por otra parte, la presidenta del Instituto de Altos Estudios de Control Fiscal y Auditor\u00eda de Estado \u201cFundaci\u00f3n Gumersindo Torres\u201d (Cofae), Aura Ocando, agradeci\u00f3 a todas las personas que han contribuido con Cofae, e invit\u00f3 a seguir trabajando unidos para cumplir con los retos que est\u00e1n por venir.<\/span><\/p>\n","protected":false},"excerpt":{"rendered":"<p>Contralor General anuncia la creaci\u00f3n de la Universidad del Sistema Nacional de Control Fiscal Galindo Ballesteros resalt\u00f3 que Cofae \u201ces una Instituci\u00f3n que ha perfeccionado su filosof\u00eda educativa fundamentada en los valores transcendentales de la humanidad, la \u00e9tica p\u00fablica, la &hellip; <a class=\"more-link\" href=\"https:\/\/contraloriaestadoamazonas.gob.ve\/amz\/2016\/05\/contralor-general-anuncia-la-creacion-de-la-universidad-del-sistema-nacional-de-control-fiscal\/\">Sigue leyendo <span class=\"meta-nav\">&rarr;<\/span><\/a><\/p>\n","protected":false},"author":10,"featured_media":0,"comment_status":"closed","ping_status":"closed","sticky":false,"template":"","format":"standard","meta":{"footnotes":""},"categories":[54],"tags":[],"class_list":["post-4507","post","type-post","status-publish","format-standard","hentry","category-noticias-cgr"],"_links":{"self":[{"href":"https:\/\/contraloriaestadoamazonas.gob.ve\/amz\/wp-json\/wp\/v2\/posts\/4507","targetHints":{"allow":["GET"]}}],"collection":[{"href":"https:\/\/contraloriaestadoamazonas.gob.ve\/amz\/wp-json\/wp\/v2\/posts"}],"about":[{"href":"https:\/\/contraloriaestadoamazonas.gob.ve\/amz\/wp-json\/wp\/v2\/types\/post"}],"author":[{"embeddable":true,"href":"https:\/\/contraloriaestadoamazonas.gob.ve\/amz\/wp-json\/wp\/v2\/users\/10"}],"replies":[{"embeddable":true,"href":"https:\/\/contraloriaestadoamazonas.gob.ve\/amz\/wp-json\/wp\/v2\/comments?post=4507"}],"version-history":[{"count":2,"href":"https:\/\/contraloriaestadoamazonas.gob.ve\/amz\/wp-json\/wp\/v2\/posts\/4507\/revisions"}],"predecessor-version":[{"id":4510,"href":"https:\/\/contraloriaestadoamazonas.gob.ve\/amz\/wp-json\/wp\/v2\/posts\/4507\/revisions\/4510"}],"wp:attachment":[{"href":"https:\/\/contraloriaestadoamazonas.gob.ve\/amz\/wp-json\/wp\/v2\/media?parent=4507"}],"wp:term":[{"taxonomy":"category","embeddable":true,"href":"https:\/\/contraloriaestadoamazonas.gob.ve\/amz\/wp-json\/wp\/v2\/categories?post=4507"},{"taxonomy":"post_tag","embeddable":true,"href":"https:\/\/contraloriaestadoamazonas.gob.ve\/amz\/wp-json\/wp\/v2\/tags?post=4507"}],"curies":[{"name":"wp","href":"https:\/\/api.w.org\/{rel}","templated":true}]}}